{"id":4006,"date":"2024-06-14T14:31:31","date_gmt":"2024-06-14T12:31:31","guid":{"rendered":"https:\/\/agora.xtec.cat\/escolaprovencana\/?p=4006"},"modified":"2024-06-14T14:31:31","modified_gmt":"2024-06-14T12:31:31","slug":"sortida-al-canal-olimpic","status":"publish","type":"post","link":"https:\/\/agora.xtec.cat\/escolaprovencana\/primaria\/sortida-al-canal-olimpic\/","title":{"rendered":"Sortida al Canal Ol\u00edmpic"},"content":{"rendered":"<p>El passat 29 de maig els alumnes del cicle inicial vam anar d\u2019excursi\u00f3 al Canal Ol\u00edmpic de Castelldefels, on vam gaudir de diferents activitats molt divertides. Aqu\u00ed us deixem un v\u00eddeo amb els millors moments!<\/p>\n<p><a href=\"https:\/\/vimeo.com\/958363740?share=copy\">https:\/\/vimeo.com\/958363740?share=copy<\/a><\/p>\n","protected":false},"excerpt":{"rendered":"<p>El passat 29 de maig els alumnes del cicle inicial vam anar d\u2019excursi\u00f3 al Canal Ol\u00edmpic de Castelldefels, on vam gaudir de diferents activitats molt divertides. Aqu\u00ed us deixem un v\u00eddeo amb els millors moments!<br \/>\n<a href=\"https:\/\/vimeo.com\/958363740?share=copy\">https:\/\/vimeo.com\/958363740?share=copy<\/a><\/p>\n","protected":false},"author":1,"featured_media":0,"comment_status":"closed","ping_status":"closed","sticky":false,"template":"","format":"standard","meta":{"_bbp_topic_count":0,"_bbp_reply_count":0,"_bbp_total_topic_count":0,"_bbp_total_reply_count":0,"_bbp_voice_count":0,"_bbp_anonymous_reply_count":0,"_bbp_topic_count_hidden":0,"_bbp_reply_count_hidden":0,"_bbp_forum_subforum_count":0,"footnotes":""},"categories":[10,11,5],"tags":[],"class_list":["post-4006","post","type-post","status-publish","format-standard","hentry","category-1r","category-2n","category-primaria"],"post_mailing_queue_ids":[],"_links":{"self":[{"href":"https:\/\/agora.xtec.cat\/escolaprovencana\/wp-json\/wp\/v2\/posts\/4006","targetHints":{"allow":["GET"]}}],"collection":[{"href":"https:\/\/agora.xtec.cat\/escolaprovencana\/wp-json\/wp\/v2\/posts"}],"about":[{"href":"https:\/\/agora.xtec.cat\/escolaprovencana\/wp-json\/wp\/v2\/types\/post"}],"author":[{"embeddable":true,"href":"https:\/\/agora.xtec.cat\/escolaprovencana\/wp-json\/wp\/v2\/users\/1"}],"replies":[{"embeddable":true,"href":"https:\/\/agora.xtec.cat\/escolaprovencana\/wp-json\/wp\/v2\/comments?post=4006"}],"version-history":[{"count":1,"href":"https:\/\/agora.xtec.cat\/escolaprovencana\/wp-json\/wp\/v2\/posts\/4006\/revisions"}],"predecessor-version":[{"id":4007,"href":"https:\/\/agora.xtec.cat\/escolaprovencana\/wp-json\/wp\/v2\/posts\/4006\/revisions\/4007"}],"wp:attachment":[{"href":"https:\/\/agora.xtec.cat\/escolaprovencana\/wp-json\/wp\/v2\/media?parent=4006"}],"wp:term":[{"taxonomy":"category","embeddable":true,"href":"https:\/\/agora.xtec.cat\/escolaprovencana\/wp-json\/wp\/v2\/categories?post=4006"},{"taxonomy":"post_tag","embeddable":true,"href":"https:\/\/agora.xtec.cat\/escolaprovencana\/wp-json\/wp\/v2\/tags?post=4006"}],"curies":[{"name":"wp","href":"https:\/\/api.w.org\/{rel}","templated":true}]}}