{"id":3993,"date":"2024-06-10T09:00:55","date_gmt":"2024-06-10T07:00:55","guid":{"rendered":"https:\/\/agora.xtec.cat\/escolaprovencana\/?p=3993"},"modified":"2024-06-10T14:08:56","modified_gmt":"2024-06-10T12:08:56","slug":"ajuts-per-a-alumnes-amb-necessitat-especifica-de-suport-educatiu-2","status":"publish","type":"post","link":"https:\/\/agora.xtec.cat\/escolaprovencana\/general\/ajuts-per-a-alumnes-amb-necessitat-especifica-de-suport-educatiu-2\/","title":{"rendered":"AJUTS PER A ALUMNES AMB NECESSITAT ESPEC\u00cdFICA DE SUPORT EDUCATIU"},"content":{"rendered":"<p>El termini per a sol\u00b7licitar els ajuts per a alumnes amb necessitat espec\u00edfica de suport educatiu per al proper curs 2024-2025 finalitza el 13 de setembre de 2024.<\/p>\n<p>En el seg\u00fcent enlla\u00e7 trobareu tota la informaci\u00f3 necess\u00e0ria.<\/p>\n<p><a href=\"https:\/\/educacio.gencat.cat\/ca\/tramits\/tramits-temes\/Ajuts-per-a-alumnes-amb-necessitat-especifica-de-suport-educatiu\" target=\"_blank\" rel=\"noopener\">SOL\u00b7LICITUD AJUTS ALUMNES NESE<\/a><\/p>\n<p>&nbsp;<\/p>\n","protected":false},"excerpt":{"rendered":"<p>El termini per a sol\u00b7licitar els ajuts per a alumnes amb necessitat espec\u00edfica de suport educatiu per al proper curs 2024-2025 finalitza el 13 de setembre de 2024.<br \/>\nEn el seg\u00fcent enlla\u00e7 trobareu tota la informaci\u00f3 necess\u00e0ria.<br \/>\n<a href=\"https:\/\/educacio.gencat.cat\/ca\/tramits\/tramits-temes\/Ajuts-per-a-alumnes-amb-necessitat-especifica-de-suport-educatiu\" target=\"_blank\" rel=\"noopener\">SOL\u00b7LICITUD AJUTS ALUMNES NESE<\/a><br \/>\n&nbsp;<\/p>\n","protected":false},"author":1,"featured_media":0,"comment_status":"closed","ping_status":"closed","sticky":false,"template":"","format":"standard","meta":{"_bbp_topic_count":0,"_bbp_reply_count":0,"_bbp_total_topic_count":0,"_bbp_total_reply_count":0,"_bbp_voice_count":0,"_bbp_anonymous_reply_count":0,"_bbp_topic_count_hidden":0,"_bbp_reply_count_hidden":0,"_bbp_forum_subforum_count":0,"footnotes":""},"categories":[1],"tags":[],"class_list":["post-3993","post","type-post","status-publish","format-standard","hentry","category-general"],"post_mailing_queue_ids":[],"_links":{"self":[{"href":"https:\/\/agora.xtec.cat\/escolaprovencana\/wp-json\/wp\/v2\/posts\/3993","targetHints":{"allow":["GET"]}}],"collection":[{"href":"https:\/\/agora.xtec.cat\/escolaprovencana\/wp-json\/wp\/v2\/posts"}],"about":[{"href":"https:\/\/agora.xtec.cat\/escolaprovencana\/wp-json\/wp\/v2\/types\/post"}],"author":[{"embeddable":true,"href":"https:\/\/agora.xtec.cat\/escolaprovencana\/wp-json\/wp\/v2\/users\/1"}],"replies":[{"embeddable":true,"href":"https:\/\/agora.xtec.cat\/escolaprovencana\/wp-json\/wp\/v2\/comments?post=3993"}],"version-history":[{"count":1,"href":"https:\/\/agora.xtec.cat\/escolaprovencana\/wp-json\/wp\/v2\/posts\/3993\/revisions"}],"predecessor-version":[{"id":3994,"href":"https:\/\/agora.xtec.cat\/escolaprovencana\/wp-json\/wp\/v2\/posts\/3993\/revisions\/3994"}],"wp:attachment":[{"href":"https:\/\/agora.xtec.cat\/escolaprovencana\/wp-json\/wp\/v2\/media?parent=3993"}],"wp:term":[{"taxonomy":"category","embeddable":true,"href":"https:\/\/agora.xtec.cat\/escolaprovencana\/wp-json\/wp\/v2\/categories?post=3993"},{"taxonomy":"post_tag","embeddable":true,"href":"https:\/\/agora.xtec.cat\/escolaprovencana\/wp-json\/wp\/v2\/tags?post=3993"}],"curies":[{"name":"wp","href":"https:\/\/api.w.org\/{rel}","templated":true}]}}