{"id":3960,"date":"2024-06-04T10:59:09","date_gmt":"2024-06-04T08:59:09","guid":{"rendered":"https:\/\/agora.xtec.cat\/escolaprovencana\/?p=3960"},"modified":"2024-06-06T11:04:47","modified_gmt":"2024-06-06T09:04:47","slug":"petits-talents-cientifics","status":"publish","type":"post","link":"https:\/\/agora.xtec.cat\/escolaprovencana\/primaria\/petits-talents-cientifics\/","title":{"rendered":"Petits talents cient\u00edfics"},"content":{"rendered":"<p>El dimarts 28 de maig, dins el marc de confer\u00e8ncies organitzades pel centre de recursos de l&#8217;Hospitalet, 5\u00e8A i 6\u00e8 vam participar de la jornada dels petits talents cient\u00edfics. Junt amb altres escoles de la ciutat, vam presentar els resultats de les nostres investigacions amb temes tan apassionants com el so i la llum.<\/p>\n<p>Els nostres alumnes ho van fer molt b\u00e9. Estem molt satisfets de tots ells i de poder haver participat d&#8217;aquest projecte junt amb altres centres, Felicitats a les dues classes.<a href=\"https:\/\/agora.xtec.cat\/escolaprovencana\/wp-content\/uploads\/usu2442\/2024\/06\/petits-talents-cientifics.jpg\"><img loading=\"lazy\" decoding=\"async\" class=\"alignnone size-large wp-image-3961\" src=\"https:\/\/agora.xtec.cat\/escolaprovencana\/wp-content\/uploads\/usu2442\/2024\/06\/petits-talents-cientifics-1024x576.jpg\" alt=\"\" width=\"1024\" height=\"576\" srcset=\"https:\/\/agora.xtec.cat\/escolaprovencana\/wp-content\/uploads\/usu2442\/2024\/06\/petits-talents-cientifics-1024x576.jpg 1024w, https:\/\/agora.xtec.cat\/escolaprovencana\/wp-content\/uploads\/usu2442\/2024\/06\/petits-talents-cientifics-300x169.jpg 300w, https:\/\/agora.xtec.cat\/escolaprovencana\/wp-content\/uploads\/usu2442\/2024\/06\/petits-talents-cientifics-768x432.jpg 768w, https:\/\/agora.xtec.cat\/escolaprovencana\/wp-content\/uploads\/usu2442\/2024\/06\/petits-talents-cientifics-1536x864.jpg 1536w, https:\/\/agora.xtec.cat\/escolaprovencana\/wp-content\/uploads\/usu2442\/2024\/06\/petits-talents-cientifics.jpg 1920w\" sizes=\"auto, (max-width: 1024px) 100vw, 1024px\" \/><\/a><\/p>\n","protected":false},"excerpt":{"rendered":"<p>El dimarts 28 de maig, dins el marc de confer\u00e8ncies organitzades pel centre de recursos de l&#8217;Hospitalet, 5\u00e8A i 6\u00e8 vam participar de la jornada dels petits talents cient\u00edfics. Junt amb altres escoles de la ciutat, vam presentar els resultats de les nostres investigacions amb&hellip;  <a href=\"https:\/\/agora.xtec.cat\/escolaprovencana\/primaria\/petits-talents-cientifics\/\" title=\"Read Petits talents cient\u00edfics\">Llegeix m\u00e9s\u00bb<\/a><\/p>\n","protected":false},"author":10,"featured_media":0,"comment_status":"closed","ping_status":"closed","sticky":false,"template":"","format":"standard","meta":{"_bbp_topic_count":0,"_bbp_reply_count":0,"_bbp_total_topic_count":0,"_bbp_total_reply_count":0,"_bbp_voice_count":0,"_bbp_anonymous_reply_count":0,"_bbp_topic_count_hidden":0,"_bbp_reply_count_hidden":0,"_bbp_forum_subforum_count":0,"footnotes":""},"categories":[14,126,15,5],"tags":[],"class_list":["post-3960","post","type-post","status-publish","format-standard","hentry","category-5e-b","category-5e-a","category-6e","category-primaria"],"post_mailing_queue_ids":[],"_links":{"self":[{"href":"https:\/\/agora.xtec.cat\/escolaprovencana\/wp-json\/wp\/v2\/posts\/3960","targetHints":{"allow":["GET"]}}],"collection":[{"href":"https:\/\/agora.xtec.cat\/escolaprovencana\/wp-json\/wp\/v2\/posts"}],"about":[{"href":"https:\/\/agora.xtec.cat\/escolaprovencana\/wp-json\/wp\/v2\/types\/post"}],"author":[{"embeddable":true,"href":"https:\/\/agora.xtec.cat\/escolaprovencana\/wp-json\/wp\/v2\/users\/10"}],"replies":[{"embeddable":true,"href":"https:\/\/agora.xtec.cat\/escolaprovencana\/wp-json\/wp\/v2\/comments?post=3960"}],"version-history":[{"count":1,"href":"https:\/\/agora.xtec.cat\/escolaprovencana\/wp-json\/wp\/v2\/posts\/3960\/revisions"}],"predecessor-version":[{"id":3962,"href":"https:\/\/agora.xtec.cat\/escolaprovencana\/wp-json\/wp\/v2\/posts\/3960\/revisions\/3962"}],"wp:attachment":[{"href":"https:\/\/agora.xtec.cat\/escolaprovencana\/wp-json\/wp\/v2\/media?parent=3960"}],"wp:term":[{"taxonomy":"category","embeddable":true,"href":"https:\/\/agora.xtec.cat\/escolaprovencana\/wp-json\/wp\/v2\/categories?post=3960"},{"taxonomy":"post_tag","embeddable":true,"href":"https:\/\/agora.xtec.cat\/escolaprovencana\/wp-json\/wp\/v2\/tags?post=3960"}],"curies":[{"name":"wp","href":"https:\/\/api.w.org\/{rel}","templated":true}]}}