{"id":3905,"date":"2024-04-22T13:17:27","date_gmt":"2024-04-22T11:17:27","guid":{"rendered":"https:\/\/agora.xtec.cat\/escolaprovencana\/?p=3905"},"modified":"2024-04-22T13:17:27","modified_gmt":"2024-04-22T11:17:27","slug":"sant-jordi-2024","status":"publish","type":"post","link":"https:\/\/agora.xtec.cat\/escolaprovencana\/primaria\/5e-b\/sant-jordi-2024\/","title":{"rendered":"Sant Jordi 2024"},"content":{"rendered":"<p>Els alumnes de cicle superior hem muntat les tradicionals paradetes de Sant Jordi. Aquest any ens hem centrat en el Modernisme Catal\u00e0, amb Santiago Rusi\u00f1ol com a eix transversal. Hem elaborat cartells modernistes, trencadissos, relats i auques, treballant la vessant art\u00edstica a la vegada que hem treballat la llengua i el medi.<\/p>\n<p>Una experi\u00e8ncia molt enriquidora.<\/p>\n<p>En aquest enlla\u00e7 us deixem un petit v\u00eddeo de les nostres paradetes.<\/p>\n<p><iframe loading=\"lazy\" title=\"WhatsApp Video 2024-04-22 at 13.02.50\" src=\"https:\/\/player.vimeo.com\/video\/937685908?dnt=1&amp;app_id=122963\" width=\"425\" height=\"750\" frameborder=\"0\" allow=\"autoplay; fullscreen; picture-in-picture; clipboard-write\"><\/iframe><\/p>\n","protected":false},"excerpt":{"rendered":"<p>Els alumnes de cicle superior hem muntat les tradicionals paradetes de Sant Jordi. Aquest any ens hem centrat en el Modernisme Catal\u00e0, amb Santiago Rusi\u00f1ol com a eix transversal. Hem elaborat cartells modernistes, trencadissos, relats i auques, treballant la vessant art\u00edstica a la vegada que&hellip;  <a href=\"https:\/\/agora.xtec.cat\/escolaprovencana\/primaria\/5e-b\/sant-jordi-2024\/\" title=\"Read Sant Jordi 2024\">Llegeix m\u00e9s\u00bb<\/a><\/p>\n","protected":false},"author":10,"featured_media":0,"comment_status":"open","ping_status":"closed","sticky":false,"template":"","format":"standard","meta":{"_bbp_topic_count":0,"_bbp_reply_count":0,"_bbp_total_topic_count":0,"_bbp_total_reply_count":0,"_bbp_voice_count":0,"_bbp_anonymous_reply_count":0,"_bbp_topic_count_hidden":0,"_bbp_reply_count_hidden":0,"_bbp_forum_subforum_count":0,"footnotes":""},"categories":[14,126,15],"tags":[],"class_list":["post-3905","post","type-post","status-publish","format-standard","hentry","category-5e-b","category-5e-a","category-6e"],"post_mailing_queue_ids":[],"_links":{"self":[{"href":"https:\/\/agora.xtec.cat\/escolaprovencana\/wp-json\/wp\/v2\/posts\/3905","targetHints":{"allow":["GET"]}}],"collection":[{"href":"https:\/\/agora.xtec.cat\/escolaprovencana\/wp-json\/wp\/v2\/posts"}],"about":[{"href":"https:\/\/agora.xtec.cat\/escolaprovencana\/wp-json\/wp\/v2\/types\/post"}],"author":[{"embeddable":true,"href":"https:\/\/agora.xtec.cat\/escolaprovencana\/wp-json\/wp\/v2\/users\/10"}],"replies":[{"embeddable":true,"href":"https:\/\/agora.xtec.cat\/escolaprovencana\/wp-json\/wp\/v2\/comments?post=3905"}],"version-history":[{"count":1,"href":"https:\/\/agora.xtec.cat\/escolaprovencana\/wp-json\/wp\/v2\/posts\/3905\/revisions"}],"predecessor-version":[{"id":3906,"href":"https:\/\/agora.xtec.cat\/escolaprovencana\/wp-json\/wp\/v2\/posts\/3905\/revisions\/3906"}],"wp:attachment":[{"href":"https:\/\/agora.xtec.cat\/escolaprovencana\/wp-json\/wp\/v2\/media?parent=3905"}],"wp:term":[{"taxonomy":"category","embeddable":true,"href":"https:\/\/agora.xtec.cat\/escolaprovencana\/wp-json\/wp\/v2\/categories?post=3905"},{"taxonomy":"post_tag","embeddable":true,"href":"https:\/\/agora.xtec.cat\/escolaprovencana\/wp-json\/wp\/v2\/tags?post=3905"}],"curies":[{"name":"wp","href":"https:\/\/api.w.org\/{rel}","templated":true}]}}