{"id":3850,"date":"2024-03-26T13:35:34","date_gmt":"2024-03-26T12:35:34","guid":{"rendered":"https:\/\/agora.xtec.cat\/escolaprovencana\/?p=3850"},"modified":"2024-03-26T13:36:11","modified_gmt":"2024-03-26T12:36:11","slug":"excursio-a-mas-fabrera","status":"publish","type":"post","link":"https:\/\/agora.xtec.cat\/escolaprovencana\/primaria\/1r\/excursio-a-mas-fabrera\/","title":{"rendered":"EXCURSI\u00d3 A MAS FABRERA"},"content":{"rendered":"<p>El passat 19 de mar\u00e7, els alumnes de 1r i 2n van anar d&#8217;excursi\u00f3 a la Masia Mas Fabrera a realitzar un taller art\u00edstic amb vidre, on han pogut elaborar la seva pr\u00f2pia figura.<br \/>\nVan gaudir molt!!!<br \/>\nUs deixem un recull de fotos!!<\/p>\n<p>&nbsp;<\/p>\n<div style=\"width: 1080px;\" class=\"wp-video\"><!--[if lt IE 9]><script>document.createElement('video');<\/script><![endif]-->\n<video class=\"wp-video-shortcode\" id=\"video-3850-1\" width=\"1080\" height=\"1440\" preload=\"metadata\" controls=\"controls\"><source type=\"video\/mp4\" src=\"https:\/\/agora.xtec.cat\/escolaprovencana\/wp-content\/uploads\/usu2442\/2024\/03\/280e4b69-8b3e-4ac3-af12-7dd30671006c.mp4?_=1\" \/><a href=\"https:\/\/agora.xtec.cat\/escolaprovencana\/wp-content\/uploads\/usu2442\/2024\/03\/280e4b69-8b3e-4ac3-af12-7dd30671006c.mp4\">https:\/\/agora.xtec.cat\/escolaprovencana\/wp-content\/uploads\/usu2442\/2024\/03\/280e4b69-8b3e-4ac3-af12-7dd30671006c.mp4<\/a><\/video><\/div>\n<p>&nbsp;<\/p>\n","protected":false},"excerpt":{"rendered":"<p>El passat 19 de mar\u00e7, els alumnes de 1r i 2n van anar d&#8217;excursi\u00f3 a la Masia Mas Fabrera a realitzar un taller art\u00edstic amb vidre, on han pogut elaborar la seva pr\u00f2pia figura.<br \/>\nVan gaudir molt!!!<br \/>\nUs deixem un recull de fotos!!<br \/>\n&nbsp;<br \/>\n<a href=\"https:\/\/agora.xtec.cat\/escolaprovencana\/wp-content\/uploads\/usu2442\/2024\/03\/280e4b69-8b3e-4ac3-af12-7dd30671006c.mp4\">https:\/\/agora.xtec.cat\/escolaprovencana\/wp-content\/uploads\/usu2442\/2024\/03\/280e4b69-8b3e-4ac3-af12-7dd30671006c.mp4<\/a><br \/>\n&nbsp;<\/p>\n","protected":false},"author":1,"featured_media":0,"comment_status":"closed","ping_status":"closed","sticky":false,"template":"","format":"standard","meta":{"_bbp_topic_count":0,"_bbp_reply_count":0,"_bbp_total_topic_count":0,"_bbp_total_reply_count":0,"_bbp_voice_count":0,"_bbp_anonymous_reply_count":0,"_bbp_topic_count_hidden":0,"_bbp_reply_count_hidden":0,"_bbp_forum_subforum_count":0,"footnotes":""},"categories":[10,11],"tags":[],"class_list":["post-3850","post","type-post","status-publish","format-standard","hentry","category-1r","category-2n"],"post_mailing_queue_ids":[],"_links":{"self":[{"href":"https:\/\/agora.xtec.cat\/escolaprovencana\/wp-json\/wp\/v2\/posts\/3850","targetHints":{"allow":["GET"]}}],"collection":[{"href":"https:\/\/agora.xtec.cat\/escolaprovencana\/wp-json\/wp\/v2\/posts"}],"about":[{"href":"https:\/\/agora.xtec.cat\/escolaprovencana\/wp-json\/wp\/v2\/types\/post"}],"author":[{"embeddable":true,"href":"https:\/\/agora.xtec.cat\/escolaprovencana\/wp-json\/wp\/v2\/users\/1"}],"replies":[{"embeddable":true,"href":"https:\/\/agora.xtec.cat\/escolaprovencana\/wp-json\/wp\/v2\/comments?post=3850"}],"version-history":[{"count":3,"href":"https:\/\/agora.xtec.cat\/escolaprovencana\/wp-json\/wp\/v2\/posts\/3850\/revisions"}],"predecessor-version":[{"id":3855,"href":"https:\/\/agora.xtec.cat\/escolaprovencana\/wp-json\/wp\/v2\/posts\/3850\/revisions\/3855"}],"wp:attachment":[{"href":"https:\/\/agora.xtec.cat\/escolaprovencana\/wp-json\/wp\/v2\/media?parent=3850"}],"wp:term":[{"taxonomy":"category","embeddable":true,"href":"https:\/\/agora.xtec.cat\/escolaprovencana\/wp-json\/wp\/v2\/categories?post=3850"},{"taxonomy":"post_tag","embeddable":true,"href":"https:\/\/agora.xtec.cat\/escolaprovencana\/wp-json\/wp\/v2\/tags?post=3850"}],"curies":[{"name":"wp","href":"https:\/\/api.w.org\/{rel}","templated":true}]}}