{"id":3831,"date":"2024-03-19T13:26:10","date_gmt":"2024-03-19T12:26:10","guid":{"rendered":"https:\/\/agora.xtec.cat\/escolaprovencana\/?p=3831"},"modified":"2024-03-19T13:26:10","modified_gmt":"2024-03-19T12:26:10","slug":"visita-al-museu-olimpic","status":"publish","type":"post","link":"https:\/\/agora.xtec.cat\/escolaprovencana\/primaria\/5e-b\/visita-al-museu-olimpic\/","title":{"rendered":"Visita al Museu Ol\u00edmpic"},"content":{"rendered":"<p>Els alumnes de cicle superior, hem visitat el museu ol\u00edmpic Juan Antoni Samaranch. Hem pogut disfrutar d&#8217;una magn\u00edfic viatge al passat, a la Barcelona del 92. Tamb\u00e9 hem realitzat un Scapr room per treballar l&#8217;inclusi\u00f3 a trav\u00e9s de l&#8217;esport.<\/p>\n<p>Aquest cop si ha estat genial de deb\u00f3.<\/p>\n<p><a href=\"https:\/\/agora.xtec.cat\/escolaprovencana\/wp-content\/uploads\/usu2442\/2024\/03\/Disseny-sense-titol-1.jpg\"><img loading=\"lazy\" decoding=\"async\" class=\"alignnone size-large wp-image-3832\" src=\"https:\/\/agora.xtec.cat\/escolaprovencana\/wp-content\/uploads\/usu2442\/2024\/03\/Disseny-sense-titol-1-1024x576.jpg\" alt=\"\" width=\"1024\" height=\"576\" srcset=\"https:\/\/agora.xtec.cat\/escolaprovencana\/wp-content\/uploads\/usu2442\/2024\/03\/Disseny-sense-titol-1-1024x576.jpg 1024w, https:\/\/agora.xtec.cat\/escolaprovencana\/wp-content\/uploads\/usu2442\/2024\/03\/Disseny-sense-titol-1-300x169.jpg 300w, https:\/\/agora.xtec.cat\/escolaprovencana\/wp-content\/uploads\/usu2442\/2024\/03\/Disseny-sense-titol-1-768x432.jpg 768w, https:\/\/agora.xtec.cat\/escolaprovencana\/wp-content\/uploads\/usu2442\/2024\/03\/Disseny-sense-titol-1-1536x864.jpg 1536w, https:\/\/agora.xtec.cat\/escolaprovencana\/wp-content\/uploads\/usu2442\/2024\/03\/Disseny-sense-titol-1.jpg 1920w\" sizes=\"auto, (max-width: 1024px) 100vw, 1024px\" \/><\/a><\/p>\n","protected":false},"excerpt":{"rendered":"<p>Els alumnes de cicle superior, hem visitat el museu ol\u00edmpic Juan Antoni Samaranch. Hem pogut disfrutar d&#8217;una magn\u00edfic viatge al passat, a la Barcelona del 92. Tamb\u00e9 hem realitzat un Scapr room per treballar l&#8217;inclusi\u00f3 a trav\u00e9s de l&#8217;esport.<br \/>\nAquest cop si ha estat genial de&hellip;  <a href=\"https:\/\/agora.xtec.cat\/escolaprovencana\/primaria\/5e-b\/visita-al-museu-olimpic\/\" title=\"Read Visita al Museu Ol\u00edmpic\">Llegeix m\u00e9s\u00bb<\/a><\/p>\n","protected":false},"author":10,"featured_media":0,"comment_status":"closed","ping_status":"closed","sticky":false,"template":"","format":"standard","meta":{"_bbp_topic_count":0,"_bbp_reply_count":0,"_bbp_total_topic_count":0,"_bbp_total_reply_count":0,"_bbp_voice_count":0,"_bbp_anonymous_reply_count":0,"_bbp_topic_count_hidden":0,"_bbp_reply_count_hidden":0,"_bbp_forum_subforum_count":0,"footnotes":""},"categories":[14,126,15],"tags":[],"class_list":["post-3831","post","type-post","status-publish","format-standard","hentry","category-5e-b","category-5e-a","category-6e"],"post_mailing_queue_ids":[],"_links":{"self":[{"href":"https:\/\/agora.xtec.cat\/escolaprovencana\/wp-json\/wp\/v2\/posts\/3831","targetHints":{"allow":["GET"]}}],"collection":[{"href":"https:\/\/agora.xtec.cat\/escolaprovencana\/wp-json\/wp\/v2\/posts"}],"about":[{"href":"https:\/\/agora.xtec.cat\/escolaprovencana\/wp-json\/wp\/v2\/types\/post"}],"author":[{"embeddable":true,"href":"https:\/\/agora.xtec.cat\/escolaprovencana\/wp-json\/wp\/v2\/users\/10"}],"replies":[{"embeddable":true,"href":"https:\/\/agora.xtec.cat\/escolaprovencana\/wp-json\/wp\/v2\/comments?post=3831"}],"version-history":[{"count":1,"href":"https:\/\/agora.xtec.cat\/escolaprovencana\/wp-json\/wp\/v2\/posts\/3831\/revisions"}],"predecessor-version":[{"id":3833,"href":"https:\/\/agora.xtec.cat\/escolaprovencana\/wp-json\/wp\/v2\/posts\/3831\/revisions\/3833"}],"wp:attachment":[{"href":"https:\/\/agora.xtec.cat\/escolaprovencana\/wp-json\/wp\/v2\/media?parent=3831"}],"wp:term":[{"taxonomy":"category","embeddable":true,"href":"https:\/\/agora.xtec.cat\/escolaprovencana\/wp-json\/wp\/v2\/categories?post=3831"},{"taxonomy":"post_tag","embeddable":true,"href":"https:\/\/agora.xtec.cat\/escolaprovencana\/wp-json\/wp\/v2\/tags?post=3831"}],"curies":[{"name":"wp","href":"https:\/\/api.w.org\/{rel}","templated":true}]}}