{"id":3820,"date":"2024-03-16T13:36:59","date_gmt":"2024-03-16T12:36:59","guid":{"rendered":"https:\/\/agora.xtec.cat\/escolaprovencana\/?p=3820"},"modified":"2024-03-16T13:39:55","modified_gmt":"2024-03-16T12:39:55","slug":"decorem-lescola-amb-els-nostres-referents-olimpics","status":"publish","type":"post","link":"https:\/\/agora.xtec.cat\/escolaprovencana\/primaria\/5e-b\/decorem-lescola-amb-els-nostres-referents-olimpics\/","title":{"rendered":"Decorem l&#8217;escola amb els nostres referents ol\u00edmpics"},"content":{"rendered":"<p class=\"cvGsUA direction-ltr align-center para-style-body\"><span class=\"OYPEnA text-decoration-none text-strikethrough-none\">A l\u2019escola ens agrada l\u2019esport. Tots nosaltres tenim esportistes referents que ens motiven a fer all\u00f2 que ens agrada. Ens fixem en com fan les coses i en els valors que ens transmeten.<\/span><\/p>\n<p class=\"cvGsUA direction-ltr align-center para-style-body\"><span class=\"OYPEnA text-decoration-none text-strikethrough-none\">Aix\u00ed doncs, els alumnes de 5\u00e8 A, 5\u00e8 B i 6\u00e8 hem decidit decorar els passadissos de l\u2019escola amb cadascun dels nostres esportistes ol\u00edmpics de refer\u00e8ncia.<\/span><\/p>\n<p class=\"cvGsUA direction-ltr align-center para-style-body\"><span class=\"OYPEnA text-decoration-none text-strikethrough-none\"><a href=\"https:\/\/agora.xtec.cat\/escolaprovencana\/wp-content\/uploads\/usu2442\/2024\/03\/Decoracio-olimpiades-1.png\"><img loading=\"lazy\" decoding=\"async\" class=\"alignnone  wp-image-3821\" src=\"https:\/\/agora.xtec.cat\/escolaprovencana\/wp-content\/uploads\/usu2442\/2024\/03\/Decoracio-olimpiades-1-724x1024.png\" alt=\"\" width=\"694\" height=\"982\" srcset=\"https:\/\/agora.xtec.cat\/escolaprovencana\/wp-content\/uploads\/usu2442\/2024\/03\/Decoracio-olimpiades-1-724x1024.png 724w, https:\/\/agora.xtec.cat\/escolaprovencana\/wp-content\/uploads\/usu2442\/2024\/03\/Decoracio-olimpiades-1-212x300.png 212w, https:\/\/agora.xtec.cat\/escolaprovencana\/wp-content\/uploads\/usu2442\/2024\/03\/Decoracio-olimpiades-1-768x1086.png 768w, https:\/\/agora.xtec.cat\/escolaprovencana\/wp-content\/uploads\/usu2442\/2024\/03\/Decoracio-olimpiades-1-1086x1536.png 1086w, https:\/\/agora.xtec.cat\/escolaprovencana\/wp-content\/uploads\/usu2442\/2024\/03\/Decoracio-olimpiades-1.png 1414w\" sizes=\"auto, (max-width: 694px) 100vw, 694px\" \/><\/a><\/span><\/p>\n","protected":false},"excerpt":{"rendered":"<p>A l\u2019escola ens agrada l\u2019esport. Tots nosaltres tenim esportistes referents que ens motiven a fer all\u00f2 que ens agrada. Ens fixem en com fan les coses i en els valors que ens transmeten.<br \/>\nAix\u00ed doncs, els alumnes de 5\u00e8 A, 5\u00e8 B i 6\u00e8 hem decidit&hellip;  <a href=\"https:\/\/agora.xtec.cat\/escolaprovencana\/primaria\/5e-b\/decorem-lescola-amb-els-nostres-referents-olimpics\/\" title=\"Read Decorem l&#8217;escola amb els nostres referents ol\u00edmpics\">Llegeix m\u00e9s\u00bb<\/a><\/p>\n","protected":false},"author":1,"featured_media":0,"comment_status":"closed","ping_status":"closed","sticky":false,"template":"","format":"standard","meta":{"_bbp_topic_count":0,"_bbp_reply_count":0,"_bbp_total_topic_count":0,"_bbp_total_reply_count":0,"_bbp_voice_count":0,"_bbp_anonymous_reply_count":0,"_bbp_topic_count_hidden":0,"_bbp_reply_count_hidden":0,"_bbp_forum_subforum_count":0,"footnotes":""},"categories":[14,126,15],"tags":[],"class_list":["post-3820","post","type-post","status-publish","format-standard","hentry","category-5e-b","category-5e-a","category-6e"],"post_mailing_queue_ids":[],"_links":{"self":[{"href":"https:\/\/agora.xtec.cat\/escolaprovencana\/wp-json\/wp\/v2\/posts\/3820","targetHints":{"allow":["GET"]}}],"collection":[{"href":"https:\/\/agora.xtec.cat\/escolaprovencana\/wp-json\/wp\/v2\/posts"}],"about":[{"href":"https:\/\/agora.xtec.cat\/escolaprovencana\/wp-json\/wp\/v2\/types\/post"}],"author":[{"embeddable":true,"href":"https:\/\/agora.xtec.cat\/escolaprovencana\/wp-json\/wp\/v2\/users\/1"}],"replies":[{"embeddable":true,"href":"https:\/\/agora.xtec.cat\/escolaprovencana\/wp-json\/wp\/v2\/comments?post=3820"}],"version-history":[{"count":2,"href":"https:\/\/agora.xtec.cat\/escolaprovencana\/wp-json\/wp\/v2\/posts\/3820\/revisions"}],"predecessor-version":[{"id":3823,"href":"https:\/\/agora.xtec.cat\/escolaprovencana\/wp-json\/wp\/v2\/posts\/3820\/revisions\/3823"}],"wp:attachment":[{"href":"https:\/\/agora.xtec.cat\/escolaprovencana\/wp-json\/wp\/v2\/media?parent=3820"}],"wp:term":[{"taxonomy":"category","embeddable":true,"href":"https:\/\/agora.xtec.cat\/escolaprovencana\/wp-json\/wp\/v2\/categories?post=3820"},{"taxonomy":"post_tag","embeddable":true,"href":"https:\/\/agora.xtec.cat\/escolaprovencana\/wp-json\/wp\/v2\/tags?post=3820"}],"curies":[{"name":"wp","href":"https:\/\/api.w.org\/{rel}","templated":true}]}}