{"id":3816,"date":"2024-03-16T13:20:28","date_gmt":"2024-03-16T12:20:28","guid":{"rendered":"https:\/\/agora.xtec.cat\/escolaprovencana\/?p=3816"},"modified":"2024-03-16T13:20:28","modified_gmt":"2024-03-16T12:20:28","slug":"anna-manso-visita-lescola-provencana","status":"publish","type":"post","link":"https:\/\/agora.xtec.cat\/escolaprovencana\/primaria\/6e\/anna-manso-visita-lescola-provencana\/","title":{"rendered":"Anna Manso visita l&#8217;escola Proven\u00e7ana"},"content":{"rendered":"<p>El passat 6 de mar\u00e7, Anna Manso va visitar als alumnes de sis\u00e8 de l&#8217;escola per parlar sobre el llibre &#8220;Amics Monstruosos&#8221;.<\/p>\n<p>Els alumnes de sis\u00e8 van preparar una entrevista per tal de\u00a0con\u00e8ixer-la\u00a0millor. Al llarg de\u00a0l&#8217;entrevista\u00a0l&#8217;Anna va explicar moltes coses sobre els seus llibres i el treball d&#8217;una escriptora. Tamb\u00e9 va fer unes reflexions excel\u00b7lents sobre la import\u00e0ncia de la lectura i va engrescar als alumnes de sis\u00e8 a gaudir del\u00a0meravell\u00f3s\u00a0m\u00f3n de la literatura. Al llarg de la visita, l&#8217;Anna va aprofitar per signar llibres i els alumnes la van sorprendre amb el mural que van realitzar on\u00a0il\u00b7lustraven\u00a0algunes de les seves obres.<\/p>\n<p>Va ser una experi\u00e8ncia molt gratificant!<a href=\"https:\/\/agora.xtec.cat\/escolaprovencana\/wp-content\/uploads\/usu2442\/2024\/03\/Anna-Manso-fotos-1.png\"><img loading=\"lazy\" decoding=\"async\" class=\"alignnone size-large wp-image-3818\" src=\"https:\/\/agora.xtec.cat\/escolaprovencana\/wp-content\/uploads\/usu2442\/2024\/03\/Anna-Manso-fotos-1-724x1024.png\" alt=\"\" width=\"724\" height=\"1024\" srcset=\"https:\/\/agora.xtec.cat\/escolaprovencana\/wp-content\/uploads\/usu2442\/2024\/03\/Anna-Manso-fotos-1-724x1024.png 724w, https:\/\/agora.xtec.cat\/escolaprovencana\/wp-content\/uploads\/usu2442\/2024\/03\/Anna-Manso-fotos-1-212x300.png 212w, https:\/\/agora.xtec.cat\/escolaprovencana\/wp-content\/uploads\/usu2442\/2024\/03\/Anna-Manso-fotos-1-768x1086.png 768w, https:\/\/agora.xtec.cat\/escolaprovencana\/wp-content\/uploads\/usu2442\/2024\/03\/Anna-Manso-fotos-1-1086x1536.png 1086w, https:\/\/agora.xtec.cat\/escolaprovencana\/wp-content\/uploads\/usu2442\/2024\/03\/Anna-Manso-fotos-1.png 1414w\" sizes=\"auto, (max-width: 724px) 100vw, 724px\" \/><\/a><\/p>\n","protected":false},"excerpt":{"rendered":"<p>El passat 6 de mar\u00e7, Anna Manso va visitar als alumnes de sis\u00e8 de l&#8217;escola per parlar sobre el llibre &#8220;Amics Monstruosos&#8221;.<br \/>\nEls alumnes de sis\u00e8 van preparar una entrevista per tal de\u00a0con\u00e8ixer-la\u00a0millor. Al llarg de\u00a0l&#8217;entrevista\u00a0l&#8217;Anna va explicar moltes coses sobre els seus llibres i el&hellip;  <a href=\"https:\/\/agora.xtec.cat\/escolaprovencana\/primaria\/6e\/anna-manso-visita-lescola-provencana\/\" title=\"Read Anna Manso visita l&#8217;escola Proven\u00e7ana\">Llegeix m\u00e9s\u00bb<\/a><\/p>\n","protected":false},"author":1,"featured_media":0,"comment_status":"closed","ping_status":"closed","sticky":false,"template":"","format":"standard","meta":{"_bbp_topic_count":0,"_bbp_reply_count":0,"_bbp_total_topic_count":0,"_bbp_total_reply_count":0,"_bbp_voice_count":0,"_bbp_anonymous_reply_count":0,"_bbp_topic_count_hidden":0,"_bbp_reply_count_hidden":0,"_bbp_forum_subforum_count":0,"footnotes":""},"categories":[15],"tags":[],"class_list":["post-3816","post","type-post","status-publish","format-standard","hentry","category-6e"],"post_mailing_queue_ids":[],"_links":{"self":[{"href":"https:\/\/agora.xtec.cat\/escolaprovencana\/wp-json\/wp\/v2\/posts\/3816","targetHints":{"allow":["GET"]}}],"collection":[{"href":"https:\/\/agora.xtec.cat\/escolaprovencana\/wp-json\/wp\/v2\/posts"}],"about":[{"href":"https:\/\/agora.xtec.cat\/escolaprovencana\/wp-json\/wp\/v2\/types\/post"}],"author":[{"embeddable":true,"href":"https:\/\/agora.xtec.cat\/escolaprovencana\/wp-json\/wp\/v2\/users\/1"}],"replies":[{"embeddable":true,"href":"https:\/\/agora.xtec.cat\/escolaprovencana\/wp-json\/wp\/v2\/comments?post=3816"}],"version-history":[{"count":1,"href":"https:\/\/agora.xtec.cat\/escolaprovencana\/wp-json\/wp\/v2\/posts\/3816\/revisions"}],"predecessor-version":[{"id":3819,"href":"https:\/\/agora.xtec.cat\/escolaprovencana\/wp-json\/wp\/v2\/posts\/3816\/revisions\/3819"}],"wp:attachment":[{"href":"https:\/\/agora.xtec.cat\/escolaprovencana\/wp-json\/wp\/v2\/media?parent=3816"}],"wp:term":[{"taxonomy":"category","embeddable":true,"href":"https:\/\/agora.xtec.cat\/escolaprovencana\/wp-json\/wp\/v2\/categories?post=3816"},{"taxonomy":"post_tag","embeddable":true,"href":"https:\/\/agora.xtec.cat\/escolaprovencana\/wp-json\/wp\/v2\/tags?post=3816"}],"curies":[{"name":"wp","href":"https:\/\/api.w.org\/{rel}","templated":true}]}}