{"id":3813,"date":"2024-03-09T21:23:53","date_gmt":"2024-03-09T20:23:53","guid":{"rendered":"https:\/\/agora.xtec.cat\/escolaprovencana\/?p=3813"},"modified":"2024-03-09T21:23:59","modified_gmt":"2024-03-09T20:23:59","slug":"sortida-del-cicle-mitja","status":"publish","type":"post","link":"https:\/\/agora.xtec.cat\/escolaprovencana\/primaria\/3r\/sortida-del-cicle-mitja\/","title":{"rendered":"Sortida del Cicle Mitj\u00e0"},"content":{"rendered":"<p><span style=\"font-weight: 400\">El dimarts 27 de febrer els nens i nenes de cicle mitj\u00e0 vam anar al Museu de cer\u00e0mica La Rajoleta d\u2019Esplugues de Llobregat. All\u00e0 dues monitores molt simp\u00e0tiques ens van explicar com feien antigament\u00a0 les rajoles.\u00a0 Vam entrar en un forn gegant que podia cremar a m\u00e9s de 900 graus de temperatura. Ens van comentar que els homes feien les rajoles i les dones s\u2019encarregaven de pintar-les.\u00a0 Ens van explicar tot el proc\u00e9s que cal fer per convertir la terra en una bonica rajola de cer\u00e0mica pintada. Tamb\u00e9 vam poder pintar cadasc\u00fa la nostra rajola. Despr\u00e9s vam dinar\u00a0 en un parc molt gran i tranquil i vam jugar una estona. Ens ho vam passar molt b\u00e9!!\u00a0\u00a0<\/span><\/p>\n<div style=\"width: 854px;\" class=\"wp-video\"><!--[if lt IE 9]><script>document.createElement('video');<\/script><![endif]-->\n<video class=\"wp-video-shortcode\" id=\"video-3813-1\" width=\"854\" height=\"480\" preload=\"metadata\" controls=\"controls\"><source type=\"video\/mp4\" src=\"https:\/\/agora.xtec.cat\/escolaprovencana\/wp-content\/uploads\/usu2442\/2024\/03\/clideo_editor_91212e450f2344cb86cc99fa9763c077.mp4?_=1\" \/><a href=\"https:\/\/agora.xtec.cat\/escolaprovencana\/wp-content\/uploads\/usu2442\/2024\/03\/clideo_editor_91212e450f2344cb86cc99fa9763c077.mp4\">https:\/\/agora.xtec.cat\/escolaprovencana\/wp-content\/uploads\/usu2442\/2024\/03\/clideo_editor_91212e450f2344cb86cc99fa9763c077.mp4<\/a><\/video><\/div>\n<p style=\"text-align: center\">!)<\/p>\n<p>&nbsp;<\/p>\n","protected":false},"excerpt":{"rendered":"<p>El dimarts 27 de febrer els nens i nenes de cicle mitj\u00e0 vam anar al Museu de cer\u00e0mica La Rajoleta d\u2019Esplugues de Llobregat. All\u00e0 dues monitores molt simp\u00e0tiques ens van explicar com feien antigament\u00a0 les rajoles.\u00a0 Vam entrar en un forn gegant que podia cremar&hellip;  <a href=\"https:\/\/agora.xtec.cat\/escolaprovencana\/primaria\/3r\/sortida-del-cicle-mitja\/\" title=\"Read Sortida del Cicle Mitj\u00e0\">Llegeix m\u00e9s\u00bb<\/a><\/p>\n","protected":false},"author":1,"featured_media":0,"comment_status":"closed","ping_status":"closed","sticky":false,"template":"","format":"standard","meta":{"_bbp_topic_count":0,"_bbp_reply_count":0,"_bbp_total_topic_count":0,"_bbp_total_reply_count":0,"_bbp_voice_count":0,"_bbp_anonymous_reply_count":0,"_bbp_topic_count_hidden":0,"_bbp_reply_count_hidden":0,"_bbp_forum_subforum_count":0,"footnotes":""},"categories":[12,13],"tags":[],"class_list":["post-3813","post","type-post","status-publish","format-standard","hentry","category-3r","category-4t"],"post_mailing_queue_ids":[],"_links":{"self":[{"href":"https:\/\/agora.xtec.cat\/escolaprovencana\/wp-json\/wp\/v2\/posts\/3813","targetHints":{"allow":["GET"]}}],"collection":[{"href":"https:\/\/agora.xtec.cat\/escolaprovencana\/wp-json\/wp\/v2\/posts"}],"about":[{"href":"https:\/\/agora.xtec.cat\/escolaprovencana\/wp-json\/wp\/v2\/types\/post"}],"author":[{"embeddable":true,"href":"https:\/\/agora.xtec.cat\/escolaprovencana\/wp-json\/wp\/v2\/users\/1"}],"replies":[{"embeddable":true,"href":"https:\/\/agora.xtec.cat\/escolaprovencana\/wp-json\/wp\/v2\/comments?post=3813"}],"version-history":[{"count":1,"href":"https:\/\/agora.xtec.cat\/escolaprovencana\/wp-json\/wp\/v2\/posts\/3813\/revisions"}],"predecessor-version":[{"id":3815,"href":"https:\/\/agora.xtec.cat\/escolaprovencana\/wp-json\/wp\/v2\/posts\/3813\/revisions\/3815"}],"wp:attachment":[{"href":"https:\/\/agora.xtec.cat\/escolaprovencana\/wp-json\/wp\/v2\/media?parent=3813"}],"wp:term":[{"taxonomy":"category","embeddable":true,"href":"https:\/\/agora.xtec.cat\/escolaprovencana\/wp-json\/wp\/v2\/categories?post=3813"},{"taxonomy":"post_tag","embeddable":true,"href":"https:\/\/agora.xtec.cat\/escolaprovencana\/wp-json\/wp\/v2\/tags?post=3813"}],"curies":[{"name":"wp","href":"https:\/\/api.w.org\/{rel}","templated":true}]}}