{"id":3760,"date":"2024-02-26T13:00:43","date_gmt":"2024-02-26T12:00:43","guid":{"rendered":"https:\/\/agora.xtec.cat\/escolaprovencana\/?p=3760"},"modified":"2024-06-10T13:39:39","modified_gmt":"2024-06-10T11:39:39","slug":"novetats-preinscripcio-escolar-2024-2025","status":"publish","type":"post","link":"https:\/\/agora.xtec.cat\/escolaprovencana\/general\/novetats-preinscripcio-escolar-2024-2025\/","title":{"rendered":"NOVETATS PREINSCRIPCI\u00d3 ESCOLAR 2024-2025"},"content":{"rendered":"<p><a href=\"https:\/\/preinscripcio.gencat.cat\/ca\/inici\" target=\"_blank\" rel=\"noopener\"><img loading=\"lazy\" decoding=\"async\" class=\"aligncenter wp-image-3761 size-large\" src=\"https:\/\/agora.xtec.cat\/escolaprovencana\/wp-content\/uploads\/usu2442\/2024\/02\/Welcome-to-1024x256.jpg\" alt=\"\" width=\"1024\" height=\"256\" srcset=\"https:\/\/agora.xtec.cat\/escolaprovencana\/wp-content\/uploads\/usu2442\/2024\/02\/Welcome-to-1024x256.jpg 1024w, https:\/\/agora.xtec.cat\/escolaprovencana\/wp-content\/uploads\/usu2442\/2024\/02\/Welcome-to-300x75.jpg 300w, https:\/\/agora.xtec.cat\/escolaprovencana\/wp-content\/uploads\/usu2442\/2024\/02\/Welcome-to-768x192.jpg 768w, https:\/\/agora.xtec.cat\/escolaprovencana\/wp-content\/uploads\/usu2442\/2024\/02\/Welcome-to-1536x384.jpg 1536w, https:\/\/agora.xtec.cat\/escolaprovencana\/wp-content\/uploads\/usu2442\/2024\/02\/Welcome-to.jpg 1920w\" sizes=\"auto, (max-width: 1024px) 100vw, 1024px\" \/><\/a><\/p>\n<h4><span style=\"color: #000000;\">La preinscripci\u00f3 escolar a l&#8217;educaci\u00f3 infantil i prim\u00e0ria:<\/span><\/h4>\n<ul>\n<li style=\"text-align: left;\">\n<h4><a href=\"https:\/\/drive.google.com\/file\/d\/1y-sn3uIzFEEvIsw_hgs2wcevTkJO-avD\/view?usp=sharing\" target=\"_blank\" rel=\"noopener\">ALUMNES ASSIGNATS AL CENTRE AMB INDICACI\u00d3 DE LA PRIMERA PETICI\u00d3 (10\/06\/2024)<\/a><\/h4>\n<\/li>\n<li style=\"text-align: left;\">\n<h4><a href=\"https:\/\/drive.google.com\/file\/d\/1RZQfboutzmFB9_Aaxh3lmMKuN3HoFJb3\/view?usp=sharing\" target=\"_blank\" rel=\"noopener\">ALUMNES PREINSCRITS AL CENTRE (10\/06\/2024)<\/a><\/h4>\n<\/li>\n<li style=\"text-align: left;\">\n<h4><a href=\"https:\/\/drive.google.com\/file\/d\/16BE83fWHJnI_2rQ851ZMR3Sckqh1nrm8\/view?usp=sharing\" target=\"_blank\" rel=\"noopener\">LLISTA D&#8217;ESPERA (10\/06\/2024)<\/a><\/h4>\n<\/li>\n<li>\n<h4 style=\"text-align: left;\"><a href=\"https:\/\/drive.google.com\/file\/d\/1EVgkKdlDeXE4L1XJS2yL-CNMvNN-B4QB\/view?usp=sharing\" target=\"_blank\" rel=\"noopener\">OFERTA DEFINITIVA DE PLACES (07\/06\/2024)<\/a><\/h4>\n<\/li>\n<li>\n<h4 style=\"text-align: left;\"><a href=\"https:\/\/drive.google.com\/file\/d\/1W146kKIFVGWCoT_DLpRwat6e6X2-sULK\/view?usp=sharing\" target=\"_blank\" rel=\"noopener\">LLISTES AMB PUNTUACI\u00d3 ORDENADA (02\/05\/2024)<\/a><\/h4>\n<\/li>\n<li>\n<h4>N\u00daMERO DE DESEMPAT: 81.801 (30\/04\/2024)<\/h4>\n<\/li>\n<li>\n<h4><a href=\"https:\/\/drive.google.com\/file\/d\/1stzOFJjSULild1SAit8KlMMDnjGRuvWt\/view?usp=sharing\" target=\"_blank\" rel=\"noopener\">LLISTES RESOLTES LES RECLAMACIONS (25\/04\/2024)<\/a><\/h4>\n<\/li>\n<\/ul>\n<ul>\n<li>\n<h4 style=\"text-align: left;\"><a href=\"https:\/\/drive.google.com\/file\/d\/1BU8Xy_GzolEF1oD_AjSg7wOtcypjGh5A\/view?usp=sharing\" target=\"_blank\" rel=\"noopener\">LLISTAT AMB PUNTUACI\u00d3 PROVISIONAL (17\/04\/2024)<\/a><\/h4>\n<\/li>\n<li>\n<h4><a href=\"https:\/\/drive.google.com\/file\/d\/17BPqoyOg77NrXkoodHtzwVQFrkUDilwl\/view?usp=sharing\" target=\"_blank\" rel=\"noopener\">OFERTA INICIAL DE PLACES EDUCACI\u00d3 INFANTIL I PRIM\u00c0RIA (05\/03\/2024)<\/a><\/h4>\n<\/li>\n<li>\n<h4><a href=\"https:\/\/drive.google.com\/file\/d\/1j4_fzWh81lTZDykqTX0JvEbqEvRcACek\/view?usp=sharing\" target=\"_blank\" rel=\"noopener\">PUNTS TIC\u00a0SUPORT A LA PREISCRIPCI\u00d3<\/a><\/h4>\n<\/li>\n<li style=\"text-align: left;\">\n<h4><a href=\"https:\/\/preinscripcio.gencat.cat\/ca\/estudis\/infantil-3-6\/informat\/calendari\/\" target=\"_blank\" rel=\"noopener\">CALENDARI I TERMINIS<\/a><\/h4>\n<\/li>\n<li style=\"text-align: left;\">\n<h4><a href=\"https:\/\/preinscripcio.gencat.cat\/ca\/estudis\/infantil-3-6\/informat\/criteris-assignacio\/\" target=\"_blank\" rel=\"noopener\">CRITERIS DE SELECCI\u00d3, PRIORITZACI\u00d3 I DESEMPAT<\/a><\/h4>\n<\/li>\n<li style=\"text-align: left;\">\n<h4><a href=\"http:\/\/mapaescolar.gencat.cat\/\" target=\"_blank\" rel=\"noopener\">MAPA ESCOLAR<\/a><\/h4>\n<\/li>\n<li style=\"text-align: left;\">\n<h4><a href=\"https:\/\/preinscripcio.gencat.cat\/ca\/estudis\/infantil-3-6\/informat\/prepara-documentacio\/\" target=\"_blank\" rel=\"noopener\">DOCUMENTACI\u00d3 A PRESENTAR<\/a><\/h4>\n<\/li>\n<li style=\"text-align: left;\">\n<h4><a href=\"https:\/\/educacio.gencat.cat\/ca\/tramits\/tramits-temes\/20483-obligatoris?moda=1\" target=\"_blank\" rel=\"noopener\">ENLLA\u00c7 A LA SOL\u00b7LICITUD DE PREINSCRIPCI\u00d3<\/a><\/h4>\n<\/li>\n<li style=\"text-align: left;\">\n<h4><a href=\"https:\/\/preinscripcio.gencat.cat\/ca\/estudis\/infantil-3-6\/ajuda\/pindoles-multimedia\/\" target=\"_blank\" rel=\"noopener\">P\u00cdNDOLES MULTIMEDIA (V\u00cdDEOS I PODCAST D&#8217;AJUDA)\u00a0<\/a><\/h4>\n<\/li>\n<li style=\"text-align: left;\">\n<h4><a href=\"https:\/\/preinscripcio.gencat.cat\/web\/.content\/ajuda\/guia-preinscripcio-ca.pdf\" target=\"_blank\" rel=\"noopener\">GUIA PER A LA PREINSCRIPCI\u00d3 I MATR\u00cdCULA 2024-2025<\/a><\/h4>\n<\/li>\n<li style=\"text-align: left;\">\n<h4><a href=\"https:\/\/educacio.gencat.cat\/ca\/arees-actuacio\/families\/families-escola\/escolaritat\/i3-comencem-escola\/\" target=\"_blank\" rel=\"noopener\">I3, COMENCEM L&#8217;ESCOLA<\/a><\/h4>\n<\/li>\n<li><\/li>\n<li><a href=\"https:\/\/preinscripcio.gencat.cat\/ca\/estudis\/eso\/inici\/\" target=\"_blank\" rel=\"noopener\"><span style=\"color: #000000;\">Informaci\u00f3 fam\u00edlies de 6\u00e8: Preinscripci\u00f3 educaci\u00f3 secund\u00e0ria obligat\u00f2ria del 8 al 20 de mar\u00e7.<\/span><\/a><\/li>\n<\/ul>\n","protected":false},"excerpt":{"rendered":"<p><a href=\"https:\/\/preinscripcio.gencat.cat\/ca\/inici\" target=\"_blank\" rel=\"noopener\"><\/a><br \/>\nLa preinscripci\u00f3 escolar a l&#8217;educaci\u00f3 infantil i prim\u00e0ria:<\/p>\n<ul>\n<li style=\"text-align: left;\">\n<a href=\"https:\/\/drive.google.com\/file\/d\/1y-sn3uIzFEEvIsw_hgs2wcevTkJO-avD\/view?usp=sharing\" target=\"_blank\" rel=\"noopener\">ALUMNES ASSIGNATS AL CENTRE AMB INDICACI\u00d3 DE LA PRIMERA PETICI\u00d3 (10\/06\/2024)<\/a>\n<\/li>\n<li style=\"text-align: left;\">\n<a href=\"https:\/\/drive.google.com\/file\/d\/1RZQfboutzmFB9_Aaxh3lmMKuN3HoFJb3\/view?usp=sharing\" target=\"_blank\" rel=\"noopener\">ALUMNES PREINSCRITS AL CENTRE (10\/06\/2024)<\/a>\n<\/li>\n<li style=\"text-align: left;\">\n<a href=\"https:\/\/drive.google.com\/file\/d\/16BE83fWHJnI_2rQ851ZMR3Sckqh1nrm8\/view?usp=sharing\" target=\"_blank\" rel=\"noopener\">LLISTA D&#8217;ESPERA (10\/06\/2024)<\/a>\n<\/li>\n<li>\n<a href=\"https:\/\/drive.google.com\/file\/d\/1EVgkKdlDeXE4L1XJS2yL-CNMvNN-B4QB\/view?usp=sharing\" target=\"_blank\" rel=\"noopener\">OFERTA&hellip;  <a href=\"https:\/\/agora.xtec.cat\/escolaprovencana\/general\/novetats-preinscripcio-escolar-2024-2025\/\" title=\"Read NOVETATS PREINSCRIPCI\u00d3 ESCOLAR 2024-2025\">Llegeix m\u00e9s\u00bb<\/a><\/p>\n","protected":false},"author":1,"featured_media":3761,"comment_status":"closed","ping_status":"closed","sticky":false,"template":"","format":"standard","meta":{"_bbp_topic_count":0,"_bbp_reply_count":0,"_bbp_total_topic_count":0,"_bbp_total_reply_count":0,"_bbp_voice_count":0,"_bbp_anonymous_reply_count":0,"_bbp_topic_count_hidden":0,"_bbp_reply_count_hidden":0,"_bbp_forum_subforum_count":0,"footnotes":""},"categories":[1,64],"tags":[],"class_list":["post-3760","post","type-post","status-publish","format-standard","has-post-thumbnail","hentry","category-general","category-inici"],"post_mailing_queue_ids":[],"_links":{"self":[{"href":"https:\/\/agora.xtec.cat\/escolaprovencana\/wp-json\/wp\/v2\/posts\/3760","targetHints":{"allow":["GET"]}}],"collection":[{"href":"https:\/\/agora.xtec.cat\/escolaprovencana\/wp-json\/wp\/v2\/posts"}],"about":[{"href":"https:\/\/agora.xtec.cat\/escolaprovencana\/wp-json\/wp\/v2\/types\/post"}],"author":[{"embeddable":true,"href":"https:\/\/agora.xtec.cat\/escolaprovencana\/wp-json\/wp\/v2\/users\/1"}],"replies":[{"embeddable":true,"href":"https:\/\/agora.xtec.cat\/escolaprovencana\/wp-json\/wp\/v2\/comments?post=3760"}],"version-history":[{"count":6,"href":"https:\/\/agora.xtec.cat\/escolaprovencana\/wp-json\/wp\/v2\/posts\/3760\/revisions"}],"predecessor-version":[{"id":3991,"href":"https:\/\/agora.xtec.cat\/escolaprovencana\/wp-json\/wp\/v2\/posts\/3760\/revisions\/3991"}],"wp:featuredmedia":[{"embeddable":true,"href":"https:\/\/agora.xtec.cat\/escolaprovencana\/wp-json\/wp\/v2\/media\/3761"}],"wp:attachment":[{"href":"https:\/\/agora.xtec.cat\/escolaprovencana\/wp-json\/wp\/v2\/media?parent=3760"}],"wp:term":[{"taxonomy":"category","embeddable":true,"href":"https:\/\/agora.xtec.cat\/escolaprovencana\/wp-json\/wp\/v2\/categories?post=3760"},{"taxonomy":"post_tag","embeddable":true,"href":"https:\/\/agora.xtec.cat\/escolaprovencana\/wp-json\/wp\/v2\/tags?post=3760"}],"curies":[{"name":"wp","href":"https:\/\/api.w.org\/{rel}","templated":true}]}}