{"id":3744,"date":"2024-02-22T17:11:11","date_gmt":"2024-02-22T16:11:11","guid":{"rendered":"https:\/\/agora.xtec.cat\/escolaprovencana\/?p=3744"},"modified":"2024-02-22T17:12:22","modified_gmt":"2024-02-22T16:12:22","slug":"els-ciclistes-fan-teatre","status":"publish","type":"post","link":"https:\/\/agora.xtec.cat\/escolaprovencana\/infantil\/i5\/els-ciclistes-fan-teatre\/","title":{"rendered":"Els ciclistes fan teatre!"},"content":{"rendered":"<p><span class=\"hiddenGrammarError\">Hola<\/span> fam\u00edlies<span class=\"hiddenGrammarError\">,<br \/>\nCom<\/span> ja sabeu, des de l&#8217;escola participem en el projecte &#8220;Fem t\u00e0ndem: escola+cultura&#8221; amb <span class=\"hiddenSpellError\">Pl\u00e0udite<\/span> Teatre. Els alumnes d&#8217;I5 hem fet un tastet de 4 sessions i ens ho hem passat d&#8217;all\u00f2 m\u00e9s b\u00e9. Compartim amb vosaltres el v\u00eddeo.<\/p>\n<p><iframe loading=\"lazy\" title=\"Tastet Pl\u00e0udite\" width=\"500\" height=\"281\" src=\"https:\/\/www.youtube.com\/embed\/i2DLIsjak4Q?feature=oembed\" frameborder=\"0\" allow=\"accelerometer; autoplay; clipboard-write; encrypted-media; gyroscope; picture-in-picture; web-share\" referrerpolicy=\"strict-origin-when-cross-origin\" allowfullscreen><\/iframe><\/p>\n","protected":false},"excerpt":{"rendered":"<p>Hola fam\u00edlies,<br \/>\nCom ja sabeu, des de l&#8217;escola participem en el projecte &#8220;Fem t\u00e0ndem: escola+cultura&#8221; amb Pl\u00e0udite Teatre. Els alumnes d&#8217;I5 hem fet un tastet de 4 sessions i ens ho hem passat d&#8217;all\u00f2 m\u00e9s b\u00e9. Compartim amb vosaltres el v\u00eddeo.<\/p>\n","protected":false},"author":25,"featured_media":3753,"comment_status":"closed","ping_status":"closed","sticky":false,"template":"","format":"standard","meta":{"_bbp_topic_count":0,"_bbp_reply_count":0,"_bbp_total_topic_count":0,"_bbp_total_reply_count":0,"_bbp_voice_count":0,"_bbp_anonymous_reply_count":0,"_bbp_topic_count_hidden":0,"_bbp_reply_count_hidden":0,"_bbp_forum_subforum_count":0,"footnotes":""},"categories":[9],"tags":[],"class_list":["post-3744","post","type-post","status-publish","format-standard","has-post-thumbnail","hentry","category-i5"],"post_mailing_queue_ids":[],"_links":{"self":[{"href":"https:\/\/agora.xtec.cat\/escolaprovencana\/wp-json\/wp\/v2\/posts\/3744","targetHints":{"allow":["GET"]}}],"collection":[{"href":"https:\/\/agora.xtec.cat\/escolaprovencana\/wp-json\/wp\/v2\/posts"}],"about":[{"href":"https:\/\/agora.xtec.cat\/escolaprovencana\/wp-json\/wp\/v2\/types\/post"}],"author":[{"embeddable":true,"href":"https:\/\/agora.xtec.cat\/escolaprovencana\/wp-json\/wp\/v2\/users\/25"}],"replies":[{"embeddable":true,"href":"https:\/\/agora.xtec.cat\/escolaprovencana\/wp-json\/wp\/v2\/comments?post=3744"}],"version-history":[{"count":2,"href":"https:\/\/agora.xtec.cat\/escolaprovencana\/wp-json\/wp\/v2\/posts\/3744\/revisions"}],"predecessor-version":[{"id":3752,"href":"https:\/\/agora.xtec.cat\/escolaprovencana\/wp-json\/wp\/v2\/posts\/3744\/revisions\/3752"}],"wp:featuredmedia":[{"embeddable":true,"href":"https:\/\/agora.xtec.cat\/escolaprovencana\/wp-json\/wp\/v2\/media\/3753"}],"wp:attachment":[{"href":"https:\/\/agora.xtec.cat\/escolaprovencana\/wp-json\/wp\/v2\/media?parent=3744"}],"wp:term":[{"taxonomy":"category","embeddable":true,"href":"https:\/\/agora.xtec.cat\/escolaprovencana\/wp-json\/wp\/v2\/categories?post=3744"},{"taxonomy":"post_tag","embeddable":true,"href":"https:\/\/agora.xtec.cat\/escolaprovencana\/wp-json\/wp\/v2\/tags?post=3744"}],"curies":[{"name":"wp","href":"https:\/\/api.w.org\/{rel}","templated":true}]}}