{"id":3706,"date":"2024-02-05T14:00:13","date_gmt":"2024-02-05T13:00:13","guid":{"rendered":"https:\/\/agora.xtec.cat\/escolaprovencana\/?p=3706"},"modified":"2024-02-05T14:00:55","modified_gmt":"2024-02-05T13:00:55","slug":"taller-la-musica-i-el-so-caixaforum","status":"publish","type":"post","link":"https:\/\/agora.xtec.cat\/escolaprovencana\/primaria\/4t\/taller-la-musica-i-el-so-caixaforum\/","title":{"rendered":"Taller &#8220;La m\u00fasica i el so&#8221; Caixaf\u00f2rum"},"content":{"rendered":"<p>Bon dia fam\u00edlies de 4rt!<\/p>\n<p>El dimarts passat la classe de 4rt vam anar al Caixaf\u00f2rum a realitzar un taller de m\u00fasica.<\/p>\n<p>Vam aprendre com posar m\u00fasica a un curtmetratge emprant efectes de so i\u00a0 diferents pistes.<\/p>\n<p>Despr\u00e9s vam poder compartir les nostres creacions amb la resta de companys i companyes.<\/p>\n<p>Fins aviat!<\/p>\n<p>Albert i Naira<\/p>\n<div style=\"width: 1920px;\" class=\"wp-video\"><!--[if lt IE 9]><script>document.createElement('video');<\/script><![endif]-->\n<video class=\"wp-video-shortcode\" id=\"video-3706-1\" width=\"1920\" height=\"884\" preload=\"metadata\" controls=\"controls\"><source type=\"video\/mp4\" src=\"https:\/\/agora.xtec.cat\/escolaprovencana\/wp-content\/uploads\/usu2442\/2024\/02\/4rt-Caixaforum-3.mp4?_=1\" \/><a href=\"https:\/\/agora.xtec.cat\/escolaprovencana\/wp-content\/uploads\/usu2442\/2024\/02\/4rt-Caixaforum-3.mp4\">https:\/\/agora.xtec.cat\/escolaprovencana\/wp-content\/uploads\/usu2442\/2024\/02\/4rt-Caixaforum-3.mp4<\/a><\/video><\/div>\n","protected":false},"excerpt":{"rendered":"<p>Bon dia fam\u00edlies de 4rt!<br \/>\nEl dimarts passat la classe de 4rt vam anar al Caixaf\u00f2rum a realitzar un taller de m\u00fasica.<br \/>\nVam aprendre com posar m\u00fasica a un curtmetratge emprant efectes de so i\u00a0 diferents pistes.<br \/>\nDespr\u00e9s vam poder compartir les nostres creacions amb la resta de&hellip;  <a href=\"https:\/\/agora.xtec.cat\/escolaprovencana\/primaria\/4t\/taller-la-musica-i-el-so-caixaforum\/\" title=\"Read Taller &#8220;La m\u00fasica i el so&#8221; Caixaf\u00f2rum\">Llegeix m\u00e9s\u00bb<\/a><\/p>\n","protected":false},"author":11,"featured_media":0,"comment_status":"closed","ping_status":"closed","sticky":false,"template":"","format":"standard","meta":{"_bbp_topic_count":0,"_bbp_reply_count":0,"_bbp_total_topic_count":0,"_bbp_total_reply_count":0,"_bbp_voice_count":0,"_bbp_anonymous_reply_count":0,"_bbp_topic_count_hidden":0,"_bbp_reply_count_hidden":0,"_bbp_forum_subforum_count":0,"footnotes":""},"categories":[13],"tags":[],"class_list":["post-3706","post","type-post","status-publish","format-standard","hentry","category-4t"],"post_mailing_queue_ids":[],"_links":{"self":[{"href":"https:\/\/agora.xtec.cat\/escolaprovencana\/wp-json\/wp\/v2\/posts\/3706","targetHints":{"allow":["GET"]}}],"collection":[{"href":"https:\/\/agora.xtec.cat\/escolaprovencana\/wp-json\/wp\/v2\/posts"}],"about":[{"href":"https:\/\/agora.xtec.cat\/escolaprovencana\/wp-json\/wp\/v2\/types\/post"}],"author":[{"embeddable":true,"href":"https:\/\/agora.xtec.cat\/escolaprovencana\/wp-json\/wp\/v2\/users\/11"}],"replies":[{"embeddable":true,"href":"https:\/\/agora.xtec.cat\/escolaprovencana\/wp-json\/wp\/v2\/comments?post=3706"}],"version-history":[{"count":2,"href":"https:\/\/agora.xtec.cat\/escolaprovencana\/wp-json\/wp\/v2\/posts\/3706\/revisions"}],"predecessor-version":[{"id":3709,"href":"https:\/\/agora.xtec.cat\/escolaprovencana\/wp-json\/wp\/v2\/posts\/3706\/revisions\/3709"}],"wp:attachment":[{"href":"https:\/\/agora.xtec.cat\/escolaprovencana\/wp-json\/wp\/v2\/media?parent=3706"}],"wp:term":[{"taxonomy":"category","embeddable":true,"href":"https:\/\/agora.xtec.cat\/escolaprovencana\/wp-json\/wp\/v2\/categories?post=3706"},{"taxonomy":"post_tag","embeddable":true,"href":"https:\/\/agora.xtec.cat\/escolaprovencana\/wp-json\/wp\/v2\/tags?post=3706"}],"curies":[{"name":"wp","href":"https:\/\/api.w.org\/{rel}","templated":true}]}}