{"id":3628,"date":"2024-01-25T16:22:55","date_gmt":"2024-01-25T15:22:55","guid":{"rendered":"https:\/\/agora.xtec.cat\/escolaprovencana\/?p=3628"},"modified":"2024-03-22T12:05:06","modified_gmt":"2024-03-22T11:05:06","slug":"jornada-de-portes-obertes-2024-2025","status":"publish","type":"post","link":"https:\/\/agora.xtec.cat\/escolaprovencana\/general\/jornada-de-portes-obertes-2024-2025\/","title":{"rendered":"JORNADA DE PORTES OBERTES 2024-2025"},"content":{"rendered":"<p><a href=\"https:\/\/agora.xtec.cat\/escolaprovencana\/wp-content\/uploads\/usu2442\/2024\/01\/Retol-informatiu.png\" target=\"_blank\" rel=\"noopener\"><img loading=\"lazy\" decoding=\"async\" class=\"aligncenter wp-image-3634 size-large\" src=\"https:\/\/agora.xtec.cat\/escolaprovencana\/wp-content\/uploads\/usu2442\/2024\/01\/Retol-informatiu-1024x576.png\" alt=\"\" width=\"1024\" height=\"576\" srcset=\"https:\/\/agora.xtec.cat\/escolaprovencana\/wp-content\/uploads\/usu2442\/2024\/01\/Retol-informatiu-1024x576.png 1024w, https:\/\/agora.xtec.cat\/escolaprovencana\/wp-content\/uploads\/usu2442\/2024\/01\/Retol-informatiu-300x169.png 300w, https:\/\/agora.xtec.cat\/escolaprovencana\/wp-content\/uploads\/usu2442\/2024\/01\/Retol-informatiu-768x432.png 768w, https:\/\/agora.xtec.cat\/escolaprovencana\/wp-content\/uploads\/usu2442\/2024\/01\/Retol-informatiu-1536x864.png 1536w, https:\/\/agora.xtec.cat\/escolaprovencana\/wp-content\/uploads\/usu2442\/2024\/01\/Retol-informatiu.png 1920w\" sizes=\"auto, (max-width: 1024px) 100vw, 1024px\" \/><\/a><\/p>\n<h4><\/h4>\n<h6><span style=\"color: #000000;\">Les jornades de portes obertes es realitzaran aquest curs de forma <strong>PRESENCIAL<\/strong>.<\/span><\/h6>\n<h6><span style=\"color: #000000;\">Per assistir a les jornades informatives \u00e9s necessari apuntar-se clicant el seg\u00fcent enlla\u00e7:<\/span><\/h6>\n<p><a href=\"https:\/\/forms.gle\/RrLggNRQmGEJoVgy8\" target=\"_blank\" rel=\"noopener\"><img loading=\"lazy\" decoding=\"async\" class=\"aligncenter wp-image-2664\" src=\"https:\/\/agora.xtec.cat\/escolaprovencana\/wp-content\/uploads\/usu2442\/2023\/01\/formulari-assistencia-300x95.png\" alt=\"\" width=\"507\" height=\"160\" srcset=\"https:\/\/agora.xtec.cat\/escolaprovencana\/wp-content\/uploads\/usu2442\/2023\/01\/formulari-assistencia-300x95.png 300w, https:\/\/agora.xtec.cat\/escolaprovencana\/wp-content\/uploads\/usu2442\/2023\/01\/formulari-assistencia-1024x323.png 1024w, https:\/\/agora.xtec.cat\/escolaprovencana\/wp-content\/uploads\/usu2442\/2023\/01\/formulari-assistencia-768x243.png 768w, https:\/\/agora.xtec.cat\/escolaprovencana\/wp-content\/uploads\/usu2442\/2023\/01\/formulari-assistencia.png 1520w\" sizes=\"auto, (max-width: 507px) 100vw, 507px\" \/><\/a><\/p>\n<p>&nbsp;<\/p>\n","protected":false},"excerpt":{"rendered":"<p><a href=\"https:\/\/agora.xtec.cat\/escolaprovencana\/wp-content\/uploads\/usu2442\/2024\/01\/Retol-informatiu.png\" target=\"_blank\" rel=\"noopener\"><\/a><\/p>\n<p>Les jornades de portes obertes es realitzaran aquest curs de forma PRESENCIAL.<br \/>\nPer assistir a les jornades informatives \u00e9s necessari apuntar-se clicant el seg\u00fcent enlla\u00e7:<br \/>\n<a href=\"https:\/\/forms.gle\/RrLggNRQmGEJoVgy8\" target=\"_blank\" rel=\"noopener\"><\/a><br \/>\n&nbsp;<\/p>\n","protected":false},"author":1,"featured_media":3634,"comment_status":"closed","ping_status":"closed","sticky":false,"template":"","format":"standard","meta":{"_bbp_topic_count":0,"_bbp_reply_count":0,"_bbp_total_topic_count":0,"_bbp_total_reply_count":0,"_bbp_voice_count":0,"_bbp_anonymous_reply_count":0,"_bbp_topic_count_hidden":0,"_bbp_reply_count_hidden":0,"_bbp_forum_subforum_count":0,"footnotes":""},"categories":[1,64,4],"tags":[],"class_list":["post-3628","post","type-post","status-publish","format-standard","has-post-thumbnail","hentry","category-general","category-inici","category-portada"],"post_mailing_queue_ids":[],"_links":{"self":[{"href":"https:\/\/agora.xtec.cat\/escolaprovencana\/wp-json\/wp\/v2\/posts\/3628","targetHints":{"allow":["GET"]}}],"collection":[{"href":"https:\/\/agora.xtec.cat\/escolaprovencana\/wp-json\/wp\/v2\/posts"}],"about":[{"href":"https:\/\/agora.xtec.cat\/escolaprovencana\/wp-json\/wp\/v2\/types\/post"}],"author":[{"embeddable":true,"href":"https:\/\/agora.xtec.cat\/escolaprovencana\/wp-json\/wp\/v2\/users\/1"}],"replies":[{"embeddable":true,"href":"https:\/\/agora.xtec.cat\/escolaprovencana\/wp-json\/wp\/v2\/comments?post=3628"}],"version-history":[{"count":6,"href":"https:\/\/agora.xtec.cat\/escolaprovencana\/wp-json\/wp\/v2\/posts\/3628\/revisions"}],"predecessor-version":[{"id":3843,"href":"https:\/\/agora.xtec.cat\/escolaprovencana\/wp-json\/wp\/v2\/posts\/3628\/revisions\/3843"}],"wp:featuredmedia":[{"embeddable":true,"href":"https:\/\/agora.xtec.cat\/escolaprovencana\/wp-json\/wp\/v2\/media\/3634"}],"wp:attachment":[{"href":"https:\/\/agora.xtec.cat\/escolaprovencana\/wp-json\/wp\/v2\/media?parent=3628"}],"wp:term":[{"taxonomy":"category","embeddable":true,"href":"https:\/\/agora.xtec.cat\/escolaprovencana\/wp-json\/wp\/v2\/categories?post=3628"},{"taxonomy":"post_tag","embeddable":true,"href":"https:\/\/agora.xtec.cat\/escolaprovencana\/wp-json\/wp\/v2\/tags?post=3628"}],"curies":[{"name":"wp","href":"https:\/\/api.w.org\/{rel}","templated":true}]}}