{"id":3574,"date":"2024-01-24T11:11:31","date_gmt":"2024-01-24T10:11:31","guid":{"rendered":"https:\/\/agora.xtec.cat\/escolaprovencana\/?p=3574"},"modified":"2024-01-24T16:20:45","modified_gmt":"2024-01-24T15:20:45","slug":"upp-jazz","status":"publish","type":"post","link":"https:\/\/agora.xtec.cat\/escolaprovencana\/primaria\/5e-b\/upp-jazz\/","title":{"rendered":"Upp &amp; jazz"},"content":{"rendered":"<p>Bon dia fam\u00edlies!<\/p>\n<p>Els alumnes i les alumnes de 5\u00e8 A v\u00e0rem gaudir de l&#8217;espectacle &#8220;Upp and jazz&#8221; al Caixaf\u00f2rum el passat mes de novembre.<\/p>\n<p>Va ser un concert magn\u00edfic i vam poder escoltar un rep\u00e0s per tota la hist\u00f2ria del jazz.<\/p>\n<p>Visca la m\u00fasica!<\/p>\n<div style=\"width: 1440px;\" class=\"wp-video\"><!--[if lt IE 9]><script>document.createElement('video');<\/script><![endif]-->\n<video class=\"wp-video-shortcode\" id=\"video-3574-1\" width=\"1440\" height=\"1080\" preload=\"metadata\" controls=\"controls\"><source type=\"video\/mp4\" src=\"https:\/\/agora.xtec.cat\/escolaprovencana\/wp-content\/uploads\/usu2442\/2024\/01\/Upp-and-jazz.mp4?_=1\" \/><a href=\"https:\/\/agora.xtec.cat\/escolaprovencana\/wp-content\/uploads\/usu2442\/2024\/01\/Upp-and-jazz.mp4\">https:\/\/agora.xtec.cat\/escolaprovencana\/wp-content\/uploads\/usu2442\/2024\/01\/Upp-and-jazz.mp4<\/a><\/video><\/div>\n","protected":false},"excerpt":{"rendered":"<p>Bon dia fam\u00edlies!<br \/>\nEls alumnes i les alumnes de 5\u00e8 A v\u00e0rem gaudir de l&#8217;espectacle &#8220;Upp and jazz&#8221; al Caixaf\u00f2rum el passat mes de novembre.<br \/>\nVa ser un concert magn\u00edfic i vam poder escoltar un rep\u00e0s per tota la hist\u00f2ria del jazz.<br \/>\nVisca la m\u00fasica!<br \/>\n<a href=\"https:\/\/agora.xtec.cat\/escolaprovencana\/wp-content\/uploads\/usu2442\/2024\/01\/Upp-and-jazz.mp4\">https:\/\/agora.xtec.cat\/escolaprovencana\/wp-content\/uploads\/usu2442\/2024\/01\/Upp-and-jazz.mp4<\/a><\/p>\n","protected":false},"author":11,"featured_media":0,"comment_status":"closed","ping_status":"closed","sticky":false,"template":"","format":"standard","meta":{"_bbp_topic_count":0,"_bbp_reply_count":0,"_bbp_total_topic_count":0,"_bbp_total_reply_count":0,"_bbp_voice_count":0,"_bbp_anonymous_reply_count":0,"_bbp_topic_count_hidden":0,"_bbp_reply_count_hidden":0,"_bbp_forum_subforum_count":0,"footnotes":""},"categories":[14,126],"tags":[],"class_list":["post-3574","post","type-post","status-publish","format-standard","hentry","category-5e-b","category-5e-a"],"post_mailing_queue_ids":[],"_links":{"self":[{"href":"https:\/\/agora.xtec.cat\/escolaprovencana\/wp-json\/wp\/v2\/posts\/3574","targetHints":{"allow":["GET"]}}],"collection":[{"href":"https:\/\/agora.xtec.cat\/escolaprovencana\/wp-json\/wp\/v2\/posts"}],"about":[{"href":"https:\/\/agora.xtec.cat\/escolaprovencana\/wp-json\/wp\/v2\/types\/post"}],"author":[{"embeddable":true,"href":"https:\/\/agora.xtec.cat\/escolaprovencana\/wp-json\/wp\/v2\/users\/11"}],"replies":[{"embeddable":true,"href":"https:\/\/agora.xtec.cat\/escolaprovencana\/wp-json\/wp\/v2\/comments?post=3574"}],"version-history":[{"count":1,"href":"https:\/\/agora.xtec.cat\/escolaprovencana\/wp-json\/wp\/v2\/posts\/3574\/revisions"}],"predecessor-version":[{"id":3576,"href":"https:\/\/agora.xtec.cat\/escolaprovencana\/wp-json\/wp\/v2\/posts\/3574\/revisions\/3576"}],"wp:attachment":[{"href":"https:\/\/agora.xtec.cat\/escolaprovencana\/wp-json\/wp\/v2\/media?parent=3574"}],"wp:term":[{"taxonomy":"category","embeddable":true,"href":"https:\/\/agora.xtec.cat\/escolaprovencana\/wp-json\/wp\/v2\/categories?post=3574"},{"taxonomy":"post_tag","embeddable":true,"href":"https:\/\/agora.xtec.cat\/escolaprovencana\/wp-json\/wp\/v2\/tags?post=3574"}],"curies":[{"name":"wp","href":"https:\/\/api.w.org\/{rel}","templated":true}]}}