{"id":3571,"date":"2024-01-17T14:01:57","date_gmt":"2024-01-17T13:01:57","guid":{"rendered":"https:\/\/agora.xtec.cat\/escolaprovencana\/?p=3571"},"modified":"2024-01-17T14:01:57","modified_gmt":"2024-01-17T13:01:57","slug":"un-viatge-per-la-ue-amb-5e-b","status":"publish","type":"post","link":"https:\/\/agora.xtec.cat\/escolaprovencana\/primaria\/5e-b\/un-viatge-per-la-ue-amb-5e-b\/","title":{"rendered":"Un viatge per la UE amb 5\u00e8 B!"},"content":{"rendered":"<p><span style=\"font-weight: 400\">Recentment, hem acabat el projecte \u201cD\u2019on venim?\u201d el qual ens ha perm\u00e8s con\u00e8ixer de primera m\u00e0, els pa\u00efsos que conviuen a l\u2019aula. No obstant aix\u00f2, la gran predisposici\u00f3 dels alumnes de 5\u00e8 B per con\u00e8ixer el continent on estan vivint ara, ha fet que ampli\u00e9ssim la idea principal i ens endins\u00e9ssim en Europa.\u00a0<\/span><\/p>\n<p><span style=\"font-weight: 400\">Vam sortejar els 27 pa\u00efsos de la Uni\u00f3 Europea i cada nen\/a s\u2019ha encarregat de buscar informaci\u00f3 sobre:<\/span><\/p>\n<p><span style=\"font-weight: 400\">\ud83d\udccd Algunes ciutats.<\/span><\/p>\n<p><span style=\"font-weight: 400\">\ud83c\udf5c Gastronomia.<\/span><\/p>\n<p><span style=\"font-weight: 400\">\ud83d\udcd6 Cultura i \ud83d\udc83\ud83c\udffd tradicions.<\/span><\/p>\n<p><span style=\"font-weight: 400\">\ud83d\udcf8 Famosos.<\/span><\/p>\n<p><span style=\"font-weight: 400\">\ud83c\udf0f Geografia.<\/span><\/p>\n<p><span style=\"font-weight: 400\">\ud83d\udcad Altres curiositats.<\/span><\/p>\n<p><span style=\"font-weight: 400\">Clima<\/span><\/p>\n<p><span style=\"font-weight: 400\">Monuments<\/span><\/p>\n<p><span style=\"font-weight: 400\">Com podeu veure el producte final ha estat l\u2019elaboraci\u00f3 d\u2019un llibre viatger sobre els pa\u00efsos de la UE!!! Els alumnes podran llegir-lo durant el pla lector i tamb\u00e9 tindran la possibilitat de portar-lo a casa per ensenyar-lo als familiars i gaudir llegint-lo amb la condici\u00f3 que l&#8217;endem\u00e0 ens diguin a quin pa\u00eds els agradaria viatjar i el perqu\u00e8.<\/span><\/p>\n<p>Us agrada? A nosaltres ens ha encantat el resultat final!<\/p>\n<div style=\"width: 1080px;\" class=\"wp-video\"><!--[if lt IE 9]><script>document.createElement('video');<\/script><![endif]-->\n<video class=\"wp-video-shortcode\" id=\"video-3571-1\" width=\"1080\" height=\"1440\" preload=\"metadata\" controls=\"controls\"><source type=\"video\/mp4\" src=\"https:\/\/agora.xtec.cat\/escolaprovencana\/wp-content\/uploads\/usu2442\/2024\/01\/export-1705424522408-k3orcpuy-1_5d011Bee.mp4?_=1\" \/><a href=\"https:\/\/agora.xtec.cat\/escolaprovencana\/wp-content\/uploads\/usu2442\/2024\/01\/export-1705424522408-k3orcpuy-1_5d011Bee.mp4\">https:\/\/agora.xtec.cat\/escolaprovencana\/wp-content\/uploads\/usu2442\/2024\/01\/export-1705424522408-k3orcpuy-1_5d011Bee.mp4<\/a><\/video><\/div>\n","protected":false},"excerpt":{"rendered":"<p>Recentment, hem acabat el projecte \u201cD\u2019on venim?\u201d el qual ens ha perm\u00e8s con\u00e8ixer de primera m\u00e0, els pa\u00efsos que conviuen a l\u2019aula. No obstant aix\u00f2, la gran predisposici\u00f3 dels alumnes de 5\u00e8 B per con\u00e8ixer el continent on estan vivint ara, ha fet que ampli\u00e9ssim&hellip;  <a href=\"https:\/\/agora.xtec.cat\/escolaprovencana\/primaria\/5e-b\/un-viatge-per-la-ue-amb-5e-b\/\" title=\"Read Un viatge per la UE amb 5\u00e8 B!\">Llegeix m\u00e9s\u00bb<\/a><\/p>\n","protected":false},"author":1,"featured_media":0,"comment_status":"closed","ping_status":"closed","sticky":false,"template":"","format":"standard","meta":{"_bbp_topic_count":0,"_bbp_reply_count":0,"_bbp_total_topic_count":0,"_bbp_total_reply_count":0,"_bbp_voice_count":0,"_bbp_anonymous_reply_count":0,"_bbp_topic_count_hidden":0,"_bbp_reply_count_hidden":0,"_bbp_forum_subforum_count":0,"footnotes":""},"categories":[14],"tags":[],"class_list":["post-3571","post","type-post","status-publish","format-standard","hentry","category-5e-b"],"post_mailing_queue_ids":[],"_links":{"self":[{"href":"https:\/\/agora.xtec.cat\/escolaprovencana\/wp-json\/wp\/v2\/posts\/3571","targetHints":{"allow":["GET"]}}],"collection":[{"href":"https:\/\/agora.xtec.cat\/escolaprovencana\/wp-json\/wp\/v2\/posts"}],"about":[{"href":"https:\/\/agora.xtec.cat\/escolaprovencana\/wp-json\/wp\/v2\/types\/post"}],"author":[{"embeddable":true,"href":"https:\/\/agora.xtec.cat\/escolaprovencana\/wp-json\/wp\/v2\/users\/1"}],"replies":[{"embeddable":true,"href":"https:\/\/agora.xtec.cat\/escolaprovencana\/wp-json\/wp\/v2\/comments?post=3571"}],"version-history":[{"count":1,"href":"https:\/\/agora.xtec.cat\/escolaprovencana\/wp-json\/wp\/v2\/posts\/3571\/revisions"}],"predecessor-version":[{"id":3573,"href":"https:\/\/agora.xtec.cat\/escolaprovencana\/wp-json\/wp\/v2\/posts\/3571\/revisions\/3573"}],"wp:attachment":[{"href":"https:\/\/agora.xtec.cat\/escolaprovencana\/wp-json\/wp\/v2\/media?parent=3571"}],"wp:term":[{"taxonomy":"category","embeddable":true,"href":"https:\/\/agora.xtec.cat\/escolaprovencana\/wp-json\/wp\/v2\/categories?post=3571"},{"taxonomy":"post_tag","embeddable":true,"href":"https:\/\/agora.xtec.cat\/escolaprovencana\/wp-json\/wp\/v2\/tags?post=3571"}],"curies":[{"name":"wp","href":"https:\/\/api.w.org\/{rel}","templated":true}]}}