{"id":3555,"date":"2023-12-21T14:51:23","date_gmt":"2023-12-21T13:51:23","guid":{"rendered":"https:\/\/agora.xtec.cat\/escolaprovencana\/?p=3555"},"modified":"2023-12-21T14:51:23","modified_gmt":"2023-12-21T13:51:23","slug":"creem-maquetes-de-lenergia","status":"publish","type":"post","link":"https:\/\/agora.xtec.cat\/escolaprovencana\/primaria\/6e\/creem-maquetes-de-lenergia\/","title":{"rendered":"CREEM MAQUETES DE L&#8217;ENERGIA"},"content":{"rendered":"<p><span style=\"font-weight: 400\">En la part final del projecte de les energies, els alumnes de 6\u00e8 hem estat creant un Canva, una cartolina informativa i una maqueta sobre una font d&#8217;energia.<\/span><\/p>\n<p><span style=\"font-weight: 400\">Per tal de finalitzar el tema de l&#8217;energia, cada grup de treball va elegir un tipus de font d&#8217;energia i va haver de cercar informaci\u00f3 sobre el seu funcionament i les seves caracter\u00edstiques. Aquesta informaci\u00f3, la van en un Canva i una cartolina informativa que posteriorment es va presentar als companys i companyes. Finalment, cada grup va crear una maqueta on es podia veure com funciona cada font d&#8217;energia. Algunes de les energies treballades van ser: la nuclear, la mareomotriu, la hidr\u00e0ulica, la t\u00e8rmica i l&#8217;e\u00f2lica.<\/span><a href=\"https:\/\/agora.xtec.cat\/escolaprovencana\/wp-content\/uploads\/usu2442\/2023\/12\/maquetes-1.png\"><img loading=\"lazy\" decoding=\"async\" class=\"alignnone size-large wp-image-3556\" src=\"https:\/\/agora.xtec.cat\/escolaprovencana\/wp-content\/uploads\/usu2442\/2023\/12\/maquetes-1-682x1024.png\" alt=\"\" width=\"682\" height=\"1024\" srcset=\"https:\/\/agora.xtec.cat\/escolaprovencana\/wp-content\/uploads\/usu2442\/2023\/12\/maquetes-1-682x1024.png 682w, https:\/\/agora.xtec.cat\/escolaprovencana\/wp-content\/uploads\/usu2442\/2023\/12\/maquetes-1-200x300.png 200w, https:\/\/agora.xtec.cat\/escolaprovencana\/wp-content\/uploads\/usu2442\/2023\/12\/maquetes-1-768x1152.png 768w, https:\/\/agora.xtec.cat\/escolaprovencana\/wp-content\/uploads\/usu2442\/2023\/12\/maquetes-1-1024x1536.png 1024w, https:\/\/agora.xtec.cat\/escolaprovencana\/wp-content\/uploads\/usu2442\/2023\/12\/maquetes-1.png 1333w\" sizes=\"auto, (max-width: 682px) 100vw, 682px\" \/><\/a><\/p>\n","protected":false},"excerpt":{"rendered":"<p>En la part final del projecte de les energies, els alumnes de 6\u00e8 hem estat creant un Canva, una cartolina informativa i una maqueta sobre una font d&#8217;energia.<br \/>\nPer tal de finalitzar el tema de l&#8217;energia, cada grup de treball va elegir un tipus de font&hellip;  <a href=\"https:\/\/agora.xtec.cat\/escolaprovencana\/primaria\/6e\/creem-maquetes-de-lenergia\/\" title=\"Read CREEM MAQUETES DE L&#8217;ENERGIA\">Llegeix m\u00e9s\u00bb<\/a><\/p>\n","protected":false},"author":1,"featured_media":0,"comment_status":"closed","ping_status":"closed","sticky":false,"template":"","format":"standard","meta":{"_bbp_topic_count":0,"_bbp_reply_count":0,"_bbp_total_topic_count":0,"_bbp_total_reply_count":0,"_bbp_voice_count":0,"_bbp_anonymous_reply_count":0,"_bbp_topic_count_hidden":0,"_bbp_reply_count_hidden":0,"_bbp_forum_subforum_count":0,"footnotes":""},"categories":[15],"tags":[],"class_list":["post-3555","post","type-post","status-publish","format-standard","hentry","category-6e"],"post_mailing_queue_ids":[],"_links":{"self":[{"href":"https:\/\/agora.xtec.cat\/escolaprovencana\/wp-json\/wp\/v2\/posts\/3555","targetHints":{"allow":["GET"]}}],"collection":[{"href":"https:\/\/agora.xtec.cat\/escolaprovencana\/wp-json\/wp\/v2\/posts"}],"about":[{"href":"https:\/\/agora.xtec.cat\/escolaprovencana\/wp-json\/wp\/v2\/types\/post"}],"author":[{"embeddable":true,"href":"https:\/\/agora.xtec.cat\/escolaprovencana\/wp-json\/wp\/v2\/users\/1"}],"replies":[{"embeddable":true,"href":"https:\/\/agora.xtec.cat\/escolaprovencana\/wp-json\/wp\/v2\/comments?post=3555"}],"version-history":[{"count":1,"href":"https:\/\/agora.xtec.cat\/escolaprovencana\/wp-json\/wp\/v2\/posts\/3555\/revisions"}],"predecessor-version":[{"id":3557,"href":"https:\/\/agora.xtec.cat\/escolaprovencana\/wp-json\/wp\/v2\/posts\/3555\/revisions\/3557"}],"wp:attachment":[{"href":"https:\/\/agora.xtec.cat\/escolaprovencana\/wp-json\/wp\/v2\/media?parent=3555"}],"wp:term":[{"taxonomy":"category","embeddable":true,"href":"https:\/\/agora.xtec.cat\/escolaprovencana\/wp-json\/wp\/v2\/categories?post=3555"},{"taxonomy":"post_tag","embeddable":true,"href":"https:\/\/agora.xtec.cat\/escolaprovencana\/wp-json\/wp\/v2\/tags?post=3555"}],"curies":[{"name":"wp","href":"https:\/\/api.w.org\/{rel}","templated":true}]}}