{"id":3552,"date":"2023-12-21T14:48:20","date_gmt":"2023-12-21T13:48:20","guid":{"rendered":"https:\/\/agora.xtec.cat\/escolaprovencana\/?p=3552"},"modified":"2023-12-21T14:48:20","modified_gmt":"2023-12-21T13:48:20","slug":"experimentem-amb-lenergia","status":"publish","type":"post","link":"https:\/\/agora.xtec.cat\/escolaprovencana\/primaria\/6e\/experimentem-amb-lenergia\/","title":{"rendered":"EXPERIMENTEM AMB L\u2019ENERGIA"},"content":{"rendered":"<p><span style=\"font-weight: 400\">Els alumnes de 6\u00e8 hem estat treballant les energies. Al llarg del projecte hem apr\u00e8s qu\u00e8 \u00e9s l\u2019energia, quines fonts d\u2019energia hi ha, per a qu\u00e8 serveix la capa d\u2019oz\u00f3 i l\u2019efecte hivernacle i hem vist diferents formes de produir electricitat.<\/span><\/p>\n<p><span style=\"font-weight: 400\">Per tal d\u2019entendre millor la creaci\u00f3 d\u2019electricitat a trav\u00e9s de diversos tipus d\u2019energia, el passat 28 de novembre\u00a0 vam dur a terme quatre experiments on vam aprendre a muntar un circuit el\u00e8ctric, vam veure com es podia aconseguir electricitat a trav\u00e9s de l\u2019energia cin\u00e8tica i vam poder generar electricitat a trav\u00e9s del vent.<\/span><\/p>\n<div style=\"width: 480px;\" class=\"wp-video\"><!--[if lt IE 9]><script>document.createElement('video');<\/script><![endif]-->\n<video class=\"wp-video-shortcode\" id=\"video-3552-1\" width=\"480\" height=\"848\" preload=\"metadata\" controls=\"controls\"><source type=\"video\/mp4\" src=\"https:\/\/agora.xtec.cat\/escolaprovencana\/wp-content\/uploads\/usu2442\/2023\/12\/experimentem-amb-energies.mp4?_=1\" \/><a href=\"https:\/\/agora.xtec.cat\/escolaprovencana\/wp-content\/uploads\/usu2442\/2023\/12\/experimentem-amb-energies.mp4\">https:\/\/agora.xtec.cat\/escolaprovencana\/wp-content\/uploads\/usu2442\/2023\/12\/experimentem-amb-energies.mp4<\/a><\/video><\/div>\n","protected":false},"excerpt":{"rendered":"<p>Els alumnes de 6\u00e8 hem estat treballant les energies. Al llarg del projecte hem apr\u00e8s qu\u00e8 \u00e9s l\u2019energia, quines fonts d\u2019energia hi ha, per a qu\u00e8 serveix la capa d\u2019oz\u00f3 i l\u2019efecte hivernacle i hem vist diferents formes de produir electricitat.<br \/>\nPer tal d\u2019entendre millor la&hellip;  <a href=\"https:\/\/agora.xtec.cat\/escolaprovencana\/primaria\/6e\/experimentem-amb-lenergia\/\" title=\"Read EXPERIMENTEM AMB L\u2019ENERGIA\">Llegeix m\u00e9s\u00bb<\/a><\/p>\n","protected":false},"author":1,"featured_media":0,"comment_status":"closed","ping_status":"closed","sticky":false,"template":"","format":"standard","meta":{"_bbp_topic_count":0,"_bbp_reply_count":0,"_bbp_total_topic_count":0,"_bbp_total_reply_count":0,"_bbp_voice_count":0,"_bbp_anonymous_reply_count":0,"_bbp_topic_count_hidden":0,"_bbp_reply_count_hidden":0,"_bbp_forum_subforum_count":0,"footnotes":""},"categories":[15],"tags":[],"class_list":["post-3552","post","type-post","status-publish","format-standard","hentry","category-6e"],"post_mailing_queue_ids":[],"_links":{"self":[{"href":"https:\/\/agora.xtec.cat\/escolaprovencana\/wp-json\/wp\/v2\/posts\/3552","targetHints":{"allow":["GET"]}}],"collection":[{"href":"https:\/\/agora.xtec.cat\/escolaprovencana\/wp-json\/wp\/v2\/posts"}],"about":[{"href":"https:\/\/agora.xtec.cat\/escolaprovencana\/wp-json\/wp\/v2\/types\/post"}],"author":[{"embeddable":true,"href":"https:\/\/agora.xtec.cat\/escolaprovencana\/wp-json\/wp\/v2\/users\/1"}],"replies":[{"embeddable":true,"href":"https:\/\/agora.xtec.cat\/escolaprovencana\/wp-json\/wp\/v2\/comments?post=3552"}],"version-history":[{"count":1,"href":"https:\/\/agora.xtec.cat\/escolaprovencana\/wp-json\/wp\/v2\/posts\/3552\/revisions"}],"predecessor-version":[{"id":3554,"href":"https:\/\/agora.xtec.cat\/escolaprovencana\/wp-json\/wp\/v2\/posts\/3552\/revisions\/3554"}],"wp:attachment":[{"href":"https:\/\/agora.xtec.cat\/escolaprovencana\/wp-json\/wp\/v2\/media?parent=3552"}],"wp:term":[{"taxonomy":"category","embeddable":true,"href":"https:\/\/agora.xtec.cat\/escolaprovencana\/wp-json\/wp\/v2\/categories?post=3552"},{"taxonomy":"post_tag","embeddable":true,"href":"https:\/\/agora.xtec.cat\/escolaprovencana\/wp-json\/wp\/v2\/tags?post=3552"}],"curies":[{"name":"wp","href":"https:\/\/api.w.org\/{rel}","templated":true}]}}