{"id":3547,"date":"2023-12-19T13:33:30","date_gmt":"2023-12-19T12:33:30","guid":{"rendered":"https:\/\/agora.xtec.cat\/escolaprovencana\/?p=3547"},"modified":"2023-12-19T13:33:30","modified_gmt":"2023-12-19T12:33:30","slug":"sortida-cicle-mitja-mnactec","status":"publish","type":"post","link":"https:\/\/agora.xtec.cat\/escolaprovencana\/primaria\/3r\/sortida-cicle-mitja-mnactec\/","title":{"rendered":"Sortida Cicle Mitj\u00e0 MNACTEC"},"content":{"rendered":"<p>Us deixem el link perqu\u00e8 veieu el resum que hem fet entre totes i tots de la sortida al Museu Nacional de la Ci\u00e8ncia i la T\u00e8cnica de Catalunya.<\/p>\n<p><a href=\"https:\/\/agora.xtec.cat\/escolaprovencana\/wp-content\/uploads\/usu2442\/2023\/12\/Sortida-al-Museu-Nacional-de-la-Ciencia-i-la-Tecnica-de-Catalunya-MNACVam-TEC-2.pdf\">Sortida al Museu Nacional de la Ci\u00e8ncia i la T\u00e8cnica de Catalunya (MNACVam TEC)<\/a><\/p>\n<p>Tutors del cicle mitj\u00e0.<\/p>\n","protected":false},"excerpt":{"rendered":"<p>Us deixem el link perqu\u00e8 veieu el resum que hem fet entre totes i tots de la sortida al Museu Nacional de la Ci\u00e8ncia i la T\u00e8cnica de Catalunya.<br \/>\n<a href=\"https:\/\/agora.xtec.cat\/escolaprovencana\/wp-content\/uploads\/usu2442\/2023\/12\/Sortida-al-Museu-Nacional-de-la-Ciencia-i-la-Tecnica-de-Catalunya-MNACVam-TEC-2.pdf\">Sortida al Museu Nacional de la Ci\u00e8ncia i la T\u00e8cnica de Catalunya (MNACVam TEC)<\/a><br \/>\nTutors del cicle&hellip;  <a href=\"https:\/\/agora.xtec.cat\/escolaprovencana\/primaria\/3r\/sortida-cicle-mitja-mnactec\/\" title=\"Read Sortida Cicle Mitj\u00e0 MNACTEC\">Llegeix m\u00e9s\u00bb<\/a><\/p>\n","protected":false},"author":1,"featured_media":0,"comment_status":"closed","ping_status":"closed","sticky":false,"template":"","format":"standard","meta":{"_bbp_topic_count":0,"_bbp_reply_count":0,"_bbp_total_topic_count":0,"_bbp_total_reply_count":0,"_bbp_voice_count":0,"_bbp_anonymous_reply_count":0,"_bbp_topic_count_hidden":0,"_bbp_reply_count_hidden":0,"_bbp_forum_subforum_count":0,"footnotes":""},"categories":[12,13],"tags":[],"class_list":["post-3547","post","type-post","status-publish","format-standard","hentry","category-3r","category-4t"],"post_mailing_queue_ids":[],"_links":{"self":[{"href":"https:\/\/agora.xtec.cat\/escolaprovencana\/wp-json\/wp\/v2\/posts\/3547","targetHints":{"allow":["GET"]}}],"collection":[{"href":"https:\/\/agora.xtec.cat\/escolaprovencana\/wp-json\/wp\/v2\/posts"}],"about":[{"href":"https:\/\/agora.xtec.cat\/escolaprovencana\/wp-json\/wp\/v2\/types\/post"}],"author":[{"embeddable":true,"href":"https:\/\/agora.xtec.cat\/escolaprovencana\/wp-json\/wp\/v2\/users\/1"}],"replies":[{"embeddable":true,"href":"https:\/\/agora.xtec.cat\/escolaprovencana\/wp-json\/wp\/v2\/comments?post=3547"}],"version-history":[{"count":1,"href":"https:\/\/agora.xtec.cat\/escolaprovencana\/wp-json\/wp\/v2\/posts\/3547\/revisions"}],"predecessor-version":[{"id":3550,"href":"https:\/\/agora.xtec.cat\/escolaprovencana\/wp-json\/wp\/v2\/posts\/3547\/revisions\/3550"}],"wp:attachment":[{"href":"https:\/\/agora.xtec.cat\/escolaprovencana\/wp-json\/wp\/v2\/media?parent=3547"}],"wp:term":[{"taxonomy":"category","embeddable":true,"href":"https:\/\/agora.xtec.cat\/escolaprovencana\/wp-json\/wp\/v2\/categories?post=3547"},{"taxonomy":"post_tag","embeddable":true,"href":"https:\/\/agora.xtec.cat\/escolaprovencana\/wp-json\/wp\/v2\/tags?post=3547"}],"curies":[{"name":"wp","href":"https:\/\/api.w.org\/{rel}","templated":true}]}}