{"id":3525,"date":"2023-12-15T14:30:19","date_gmt":"2023-12-15T13:30:19","guid":{"rendered":"https:\/\/agora.xtec.cat\/escolaprovencana\/?p=3525"},"modified":"2023-12-15T14:33:23","modified_gmt":"2023-12-15T13:33:23","slug":"connectem-amb-altres-generacions","status":"publish","type":"post","link":"https:\/\/agora.xtec.cat\/escolaprovencana\/primaria\/5e-b\/connectem-amb-altres-generacions\/","title":{"rendered":"Connectem amb altres generacions!"},"content":{"rendered":"<p><span style=\"font-weight: 400\">Benvolgudes fam\u00edlies,<br \/>\nAmb l&#8217;arribada de Nadal, des de l\u2019assignatura de castell\u00e0, la classe de 5\u00e8 no nom\u00e9s ha apr\u00e8s com s\u00f3n les festes al nostre pa\u00eds sin\u00f3 que tamb\u00e9 han descobert una forma d\u2019acompanyar i connectar amb altres generacions.\u00a0<\/span><\/p>\n<p><span style=\"font-weight: 400\">Vam estar reflexionant sobre les tradicions de cadasc\u00fa, els plans especials que feien i sobretot la import\u00e0ncia de la companyia. Durant aquestes converses, van sorgir preguntes relacionades amb la soledat que moltes persones majors experimenten en aquesta \u00e8poca de l&#8217;any. De fet, vam descobrir que m\u00e9s de 2.000.000 de persones grans a Espanya viuen soles i no reben visites durant aquesta temporada festiva. Ho sab\u00edeu?<\/span><\/p>\n<p><span style=\"font-weight: 400\">Inspirats per un v\u00eddeo que mostrava la felicitat i l&#8217;emoci\u00f3 que les persones grans senten quan reben cartes escrites amb afecte, vam decidir aportar el nostre granet de sorra. Gr\u00e0cies a aquesta tasca, hem millorat l\u2019expressi\u00f3 escrita, ja que hem apr\u00e8s a com redactar una carta tenint en compte una estructura determinada i presentaci\u00f3. El proc\u00e9s no ha estat senzill, per\u00f2 gr\u00e0cies a les diferents estrat\u00e8gies de redacci\u00f3 i revisi\u00f3 de textos que hem fet servir, hem aconseguit un molt bon resultat.\u00a0<\/span><\/p>\n<p><span style=\"font-weight: 400\">Ara som conscients de l\u2019impacte positiu que pot tenir un gest tan petit en la vida dels m\u00e9s grans! <a href=\"https:\/\/agora.xtec.cat\/escolaprovencana\/wp-content\/uploads\/usu2442\/2023\/12\/Disseny-sense-titol.png\"><img loading=\"lazy\" decoding=\"async\" class=\"alignnone size-large wp-image-3526\" src=\"https:\/\/agora.xtec.cat\/escolaprovencana\/wp-content\/uploads\/usu2442\/2023\/12\/Disseny-sense-titol-1024x576.png\" alt=\"\" width=\"1024\" height=\"576\" srcset=\"https:\/\/agora.xtec.cat\/escolaprovencana\/wp-content\/uploads\/usu2442\/2023\/12\/Disseny-sense-titol-1024x576.png 1024w, https:\/\/agora.xtec.cat\/escolaprovencana\/wp-content\/uploads\/usu2442\/2023\/12\/Disseny-sense-titol-300x169.png 300w, https:\/\/agora.xtec.cat\/escolaprovencana\/wp-content\/uploads\/usu2442\/2023\/12\/Disseny-sense-titol-768x432.png 768w, https:\/\/agora.xtec.cat\/escolaprovencana\/wp-content\/uploads\/usu2442\/2023\/12\/Disseny-sense-titol-1536x864.png 1536w, https:\/\/agora.xtec.cat\/escolaprovencana\/wp-content\/uploads\/usu2442\/2023\/12\/Disseny-sense-titol.png 1920w\" sizes=\"auto, (max-width: 1024px) 100vw, 1024px\" \/><\/a><\/span><\/p>\n","protected":false},"excerpt":{"rendered":"<p>Benvolgudes fam\u00edlies,<br \/>\nAmb l&#8217;arribada de Nadal, des de l\u2019assignatura de castell\u00e0, la classe de 5\u00e8 no nom\u00e9s ha apr\u00e8s com s\u00f3n les festes al nostre pa\u00eds sin\u00f3 que tamb\u00e9 han descobert una forma d\u2019acompanyar i connectar amb altres generacions.\u00a0<br \/>\nVam estar reflexionant sobre les tradicions de cadasc\u00fa,&hellip;  <a href=\"https:\/\/agora.xtec.cat\/escolaprovencana\/primaria\/5e-b\/connectem-amb-altres-generacions\/\" title=\"Read Connectem amb altres generacions!\">Llegeix m\u00e9s\u00bb<\/a><\/p>\n","protected":false},"author":1,"featured_media":0,"comment_status":"closed","ping_status":"closed","sticky":false,"template":"","format":"standard","meta":{"_bbp_topic_count":0,"_bbp_reply_count":0,"_bbp_total_topic_count":0,"_bbp_total_reply_count":0,"_bbp_voice_count":0,"_bbp_anonymous_reply_count":0,"_bbp_topic_count_hidden":0,"_bbp_reply_count_hidden":0,"_bbp_forum_subforum_count":0,"footnotes":""},"categories":[14],"tags":[],"class_list":["post-3525","post","type-post","status-publish","format-standard","hentry","category-5e-b"],"post_mailing_queue_ids":[],"_links":{"self":[{"href":"https:\/\/agora.xtec.cat\/escolaprovencana\/wp-json\/wp\/v2\/posts\/3525","targetHints":{"allow":["GET"]}}],"collection":[{"href":"https:\/\/agora.xtec.cat\/escolaprovencana\/wp-json\/wp\/v2\/posts"}],"about":[{"href":"https:\/\/agora.xtec.cat\/escolaprovencana\/wp-json\/wp\/v2\/types\/post"}],"author":[{"embeddable":true,"href":"https:\/\/agora.xtec.cat\/escolaprovencana\/wp-json\/wp\/v2\/users\/1"}],"replies":[{"embeddable":true,"href":"https:\/\/agora.xtec.cat\/escolaprovencana\/wp-json\/wp\/v2\/comments?post=3525"}],"version-history":[{"count":2,"href":"https:\/\/agora.xtec.cat\/escolaprovencana\/wp-json\/wp\/v2\/posts\/3525\/revisions"}],"predecessor-version":[{"id":3528,"href":"https:\/\/agora.xtec.cat\/escolaprovencana\/wp-json\/wp\/v2\/posts\/3525\/revisions\/3528"}],"wp:attachment":[{"href":"https:\/\/agora.xtec.cat\/escolaprovencana\/wp-json\/wp\/v2\/media?parent=3525"}],"wp:term":[{"taxonomy":"category","embeddable":true,"href":"https:\/\/agora.xtec.cat\/escolaprovencana\/wp-json\/wp\/v2\/categories?post=3525"},{"taxonomy":"post_tag","embeddable":true,"href":"https:\/\/agora.xtec.cat\/escolaprovencana\/wp-json\/wp\/v2\/tags?post=3525"}],"curies":[{"name":"wp","href":"https:\/\/api.w.org\/{rel}","templated":true}]}}