{"id":3520,"date":"2023-12-13T21:42:39","date_gmt":"2023-12-13T20:42:39","guid":{"rendered":"https:\/\/agora.xtec.cat\/escolaprovencana\/?p=3520"},"modified":"2023-12-13T21:43:09","modified_gmt":"2023-12-13T20:43:09","slug":"5e-b-la-classe-del-tir-amb-arc","status":"publish","type":"post","link":"https:\/\/agora.xtec.cat\/escolaprovencana\/primaria\/5e-b\/5e-b-la-classe-del-tir-amb-arc\/","title":{"rendered":"5\u00e8 B, la classe del Tir amb arc"},"content":{"rendered":"<p><span style=\"font-weight: 400\">Estimades fam\u00edlies,\u00a0<\/span><\/p>\n<p><span style=\"font-weight: 400\">Volem compartir-vos que ja fa un temps que la nostra classe va prendre una decisi\u00f3 emocionant: escollir el nom que ens representa! Durant aquest per\u00edode, hem estat immersos en l&#8217;aprenentatge i la investigaci\u00f3 d<\/span><span style=\"font-weight: 400\">el Tir amb Arc, descobrint molts fets interessants i curiositats.<\/span><\/p>\n<p><span style=\"font-weight: 400\">Per exemple, hem apr\u00e8s sobre la hist\u00f2ria mil\u00b7len\u00e0ria del tir amb arc, les t\u00e8cniques de punteria, les diferents modalitats de la pr\u00e0ctica d&#8217;aquest esport i fins i tot hem conegut algunes figures destacades en aquest camp. Ha estat una experi\u00e8ncia enriquidora que ha unit encara m\u00e9s la nostra classe.<\/span><\/p>\n<p><span style=\"font-weight: 400\">No obstant aix\u00f2, tenint en compte que fins fa poc hem acollit a nous companys i companyes, hem decidit esperar-nos i donar-los l\u2019oportunitat de qu\u00e8 ells tamb\u00e9 aportin el seu granet de sorra incorporant informaci\u00f3 significativa sobre aquest esport.<\/span><\/p>\n<p><span style=\"font-weight: 400\"><a href=\"https:\/\/agora.xtec.cat\/escolaprovencana\/wp-content\/uploads\/usu2442\/2023\/12\/AF1B1413-F0C1-47EF-93A2-B547E51405F0.jpg\"><img loading=\"lazy\" decoding=\"async\" class=\"alignnone wp-image-3521\" src=\"https:\/\/agora.xtec.cat\/escolaprovencana\/wp-content\/uploads\/usu2442\/2023\/12\/AF1B1413-F0C1-47EF-93A2-B547E51405F0-576x1024.jpg\" alt=\"\" width=\"262\" height=\"466\" srcset=\"https:\/\/agora.xtec.cat\/escolaprovencana\/wp-content\/uploads\/usu2442\/2023\/12\/AF1B1413-F0C1-47EF-93A2-B547E51405F0-576x1024.jpg 576w, https:\/\/agora.xtec.cat\/escolaprovencana\/wp-content\/uploads\/usu2442\/2023\/12\/AF1B1413-F0C1-47EF-93A2-B547E51405F0-169x300.jpg 169w, https:\/\/agora.xtec.cat\/escolaprovencana\/wp-content\/uploads\/usu2442\/2023\/12\/AF1B1413-F0C1-47EF-93A2-B547E51405F0-768x1365.jpg 768w, https:\/\/agora.xtec.cat\/escolaprovencana\/wp-content\/uploads\/usu2442\/2023\/12\/AF1B1413-F0C1-47EF-93A2-B547E51405F0-864x1536.jpg 864w, https:\/\/agora.xtec.cat\/escolaprovencana\/wp-content\/uploads\/usu2442\/2023\/12\/AF1B1413-F0C1-47EF-93A2-B547E51405F0.jpg 1125w\" sizes=\"auto, (max-width: 262px) 100vw, 262px\" \/><\/a><\/span><\/p>\n","protected":false},"excerpt":{"rendered":"<p>Estimades fam\u00edlies,\u00a0<br \/>\nVolem compartir-vos que ja fa un temps que la nostra classe va prendre una decisi\u00f3 emocionant: escollir el nom que ens representa! Durant aquest per\u00edode, hem estat immersos en l&#8217;aprenentatge i la investigaci\u00f3 del Tir amb Arc, descobrint molts fets interessants i curiositats.<br \/>\nPer exemple,&hellip;  <a href=\"https:\/\/agora.xtec.cat\/escolaprovencana\/primaria\/5e-b\/5e-b-la-classe-del-tir-amb-arc\/\" title=\"Read 5\u00e8 B, la classe del Tir amb arc\">Llegeix m\u00e9s\u00bb<\/a><\/p>\n","protected":false},"author":1,"featured_media":0,"comment_status":"closed","ping_status":"closed","sticky":false,"template":"","format":"standard","meta":{"_bbp_topic_count":0,"_bbp_reply_count":0,"_bbp_total_topic_count":0,"_bbp_total_reply_count":0,"_bbp_voice_count":0,"_bbp_anonymous_reply_count":0,"_bbp_topic_count_hidden":0,"_bbp_reply_count_hidden":0,"_bbp_forum_subforum_count":0,"footnotes":""},"categories":[14],"tags":[],"class_list":["post-3520","post","type-post","status-publish","format-standard","hentry","category-5e-b"],"post_mailing_queue_ids":[],"_links":{"self":[{"href":"https:\/\/agora.xtec.cat\/escolaprovencana\/wp-json\/wp\/v2\/posts\/3520","targetHints":{"allow":["GET"]}}],"collection":[{"href":"https:\/\/agora.xtec.cat\/escolaprovencana\/wp-json\/wp\/v2\/posts"}],"about":[{"href":"https:\/\/agora.xtec.cat\/escolaprovencana\/wp-json\/wp\/v2\/types\/post"}],"author":[{"embeddable":true,"href":"https:\/\/agora.xtec.cat\/escolaprovencana\/wp-json\/wp\/v2\/users\/1"}],"replies":[{"embeddable":true,"href":"https:\/\/agora.xtec.cat\/escolaprovencana\/wp-json\/wp\/v2\/comments?post=3520"}],"version-history":[{"count":2,"href":"https:\/\/agora.xtec.cat\/escolaprovencana\/wp-json\/wp\/v2\/posts\/3520\/revisions"}],"predecessor-version":[{"id":3523,"href":"https:\/\/agora.xtec.cat\/escolaprovencana\/wp-json\/wp\/v2\/posts\/3520\/revisions\/3523"}],"wp:attachment":[{"href":"https:\/\/agora.xtec.cat\/escolaprovencana\/wp-json\/wp\/v2\/media?parent=3520"}],"wp:term":[{"taxonomy":"category","embeddable":true,"href":"https:\/\/agora.xtec.cat\/escolaprovencana\/wp-json\/wp\/v2\/categories?post=3520"},{"taxonomy":"post_tag","embeddable":true,"href":"https:\/\/agora.xtec.cat\/escolaprovencana\/wp-json\/wp\/v2\/tags?post=3520"}],"curies":[{"name":"wp","href":"https:\/\/api.w.org\/{rel}","templated":true}]}}