{"id":3511,"date":"2023-12-04T13:50:49","date_gmt":"2023-12-04T12:50:49","guid":{"rendered":"https:\/\/agora.xtec.cat\/escolaprovencana\/?p=3511"},"modified":"2023-12-04T13:50:49","modified_gmt":"2023-12-04T12:50:49","slug":"tastet-de-la-tardor","status":"publish","type":"post","link":"https:\/\/agora.xtec.cat\/escolaprovencana\/infantil\/i4\/tastet-de-la-tardor\/","title":{"rendered":"TASTET DE LA TARDOR"},"content":{"rendered":"<p>Mireu com hem fem el tastet de la tardor amb els FRUITS SECS i CARNOSOS. Olorem, toquem, tastem\u2026. Tenen closca? Com podem obrir aquesta closca?&#8230; Qu\u00e8 hi ha dins? Fa suc?&#8230;<br \/>\nEns ho hem passat d\u2019all\u00f2 m\u00e9s b\u00e9!!<br \/>\n<iframe loading=\"lazy\" src=\"https:\/\/player.vimeo.com\/video\/891048123?h=cc98678a50\" width=\"640\" height=\"564\" frameborder=\"0\"><\/iframe><\/p>\n","protected":false},"excerpt":{"rendered":"<p>Mireu com hem fem el tastet de la tardor amb els FRUITS SECS i CARNOSOS. Olorem, toquem, tastem\u2026. Tenen closca? Com podem obrir aquesta closca?&#8230; Qu\u00e8 hi ha dins? Fa suc?&#8230;<br \/>\nEns ho hem passat d\u2019all\u00f2 m\u00e9s b\u00e9!!<\/p>\n","protected":false},"author":16,"featured_media":3512,"comment_status":"closed","ping_status":"closed","sticky":false,"template":"","format":"standard","meta":{"_bbp_topic_count":0,"_bbp_reply_count":0,"_bbp_total_topic_count":0,"_bbp_total_reply_count":0,"_bbp_voice_count":0,"_bbp_anonymous_reply_count":0,"_bbp_topic_count_hidden":0,"_bbp_reply_count_hidden":0,"_bbp_forum_subforum_count":0,"footnotes":""},"categories":[8],"tags":[],"class_list":["post-3511","post","type-post","status-publish","format-standard","has-post-thumbnail","hentry","category-i4"],"post_mailing_queue_ids":[],"_links":{"self":[{"href":"https:\/\/agora.xtec.cat\/escolaprovencana\/wp-json\/wp\/v2\/posts\/3511","targetHints":{"allow":["GET"]}}],"collection":[{"href":"https:\/\/agora.xtec.cat\/escolaprovencana\/wp-json\/wp\/v2\/posts"}],"about":[{"href":"https:\/\/agora.xtec.cat\/escolaprovencana\/wp-json\/wp\/v2\/types\/post"}],"author":[{"embeddable":true,"href":"https:\/\/agora.xtec.cat\/escolaprovencana\/wp-json\/wp\/v2\/users\/16"}],"replies":[{"embeddable":true,"href":"https:\/\/agora.xtec.cat\/escolaprovencana\/wp-json\/wp\/v2\/comments?post=3511"}],"version-history":[{"count":1,"href":"https:\/\/agora.xtec.cat\/escolaprovencana\/wp-json\/wp\/v2\/posts\/3511\/revisions"}],"predecessor-version":[{"id":3513,"href":"https:\/\/agora.xtec.cat\/escolaprovencana\/wp-json\/wp\/v2\/posts\/3511\/revisions\/3513"}],"wp:featuredmedia":[{"embeddable":true,"href":"https:\/\/agora.xtec.cat\/escolaprovencana\/wp-json\/wp\/v2\/media\/3512"}],"wp:attachment":[{"href":"https:\/\/agora.xtec.cat\/escolaprovencana\/wp-json\/wp\/v2\/media?parent=3511"}],"wp:term":[{"taxonomy":"category","embeddable":true,"href":"https:\/\/agora.xtec.cat\/escolaprovencana\/wp-json\/wp\/v2\/categories?post=3511"},{"taxonomy":"post_tag","embeddable":true,"href":"https:\/\/agora.xtec.cat\/escolaprovencana\/wp-json\/wp\/v2\/tags?post=3511"}],"curies":[{"name":"wp","href":"https:\/\/api.w.org\/{rel}","templated":true}]}}