{"id":3496,"date":"2023-11-29T11:27:57","date_gmt":"2023-11-29T10:27:57","guid":{"rendered":"https:\/\/agora.xtec.cat\/escolaprovencana\/?p=3496"},"modified":"2023-11-29T11:27:57","modified_gmt":"2023-11-29T10:27:57","slug":"concert-dhivern-23","status":"publish","type":"post","link":"https:\/\/agora.xtec.cat\/escolaprovencana\/general\/concert-dhivern-23\/","title":{"rendered":"Concert d&#8217;hivern &#8217;23"},"content":{"rendered":"<p>Benvolgudes fam\u00edlies,<\/p>\n<p>Us informem d&#8217;algunes novetats referents al concert d&#8217;hivern que enguany estar\u00e0 dedicat al tema de la dona.<\/p>\n<p>Hem modificat els torns per tal que cada fam\u00edlia pugui disposar de 3 entrades.<\/p>\n<p>*Data:<strong> Divendres 15 de desembre<\/strong><\/p>\n<p>*Horari:<\/p>\n<p><strong>-1r torn: 9.45h (I3, I4 i I5)<\/strong><\/p>\n<p><strong>-2n torn: 10.30h (1r, 2n i 3r)<\/strong><\/p>\n<p><strong>-3r torn: 11.30h (4rt, 5\u00e8 A, 5\u00e8 B i 6\u00e8)<\/strong><\/p>\n<p>*Vestuari:<br \/>\n<strong>&#8211; Samarreta lila<\/strong><br \/>\n<strong>&#8211; Pantalons foscos o faldilla<\/strong><\/p>\n<p>*Espai: <strong>Escola Cavall Bernat (Rambla de Badal, 113)<a href=\"https:\/\/agora.xtec.cat\/escolaprovencana\/wp-content\/uploads\/usu2442\/2023\/11\/mapa-cavall-bernat2.png\"><img loading=\"lazy\" decoding=\"async\" class=\"wp-image-3499 alignright\" src=\"https:\/\/agora.xtec.cat\/escolaprovencana\/wp-content\/uploads\/usu2442\/2023\/11\/mapa-cavall-bernat2.png\" alt=\"\" width=\"184\" height=\"162\" srcset=\"https:\/\/agora.xtec.cat\/escolaprovencana\/wp-content\/uploads\/usu2442\/2023\/11\/mapa-cavall-bernat2.png 883w, https:\/\/agora.xtec.cat\/escolaprovencana\/wp-content\/uploads\/usu2442\/2023\/11\/mapa-cavall-bernat2-300x263.png 300w, https:\/\/agora.xtec.cat\/escolaprovencana\/wp-content\/uploads\/usu2442\/2023\/11\/mapa-cavall-bernat2-768x674.png 768w\" sizes=\"auto, (max-width: 184px) 100vw, 184px\" \/><\/a><\/strong><\/p>\n<p><strong>L&#8217;entrada es realitzar\u00e0 per la porta lateral on hi ha les escales <\/strong><\/p>\n<p><strong>(C\/Antoni de Capmany)<\/strong><\/p>\n<p>Esperem que gaudiu del concert que estem preparant amb tanta il.lusi\u00f3.<\/p>\n<p><a href=\"https:\/\/agora.xtec.cat\/escolaprovencana\/wp-content\/uploads\/usu2442\/2023\/11\/2.png\"><img loading=\"lazy\" decoding=\"async\" class=\"alignnone  wp-image-3503\" src=\"https:\/\/agora.xtec.cat\/escolaprovencana\/wp-content\/uploads\/usu2442\/2023\/11\/2.png\" alt=\"\" width=\"358\" height=\"331\" srcset=\"https:\/\/agora.xtec.cat\/escolaprovencana\/wp-content\/uploads\/usu2442\/2023\/11\/2.png 1000w, https:\/\/agora.xtec.cat\/escolaprovencana\/wp-content\/uploads\/usu2442\/2023\/11\/2-300x277.png 300w, https:\/\/agora.xtec.cat\/escolaprovencana\/wp-content\/uploads\/usu2442\/2023\/11\/2-768x710.png 768w\" sizes=\"auto, (max-width: 358px) 100vw, 358px\" \/><\/a><a href=\"https:\/\/agora.xtec.cat\/escolaprovencana\/wp-content\/uploads\/usu2442\/2023\/11\/1.png\"><img loading=\"lazy\" decoding=\"async\" class=\"alignnone  wp-image-3504\" src=\"https:\/\/agora.xtec.cat\/escolaprovencana\/wp-content\/uploads\/usu2442\/2023\/11\/1.png\" alt=\"\" width=\"357\" height=\"330\" srcset=\"https:\/\/agora.xtec.cat\/escolaprovencana\/wp-content\/uploads\/usu2442\/2023\/11\/1.png 1000w, https:\/\/agora.xtec.cat\/escolaprovencana\/wp-content\/uploads\/usu2442\/2023\/11\/1-300x277.png 300w, https:\/\/agora.xtec.cat\/escolaprovencana\/wp-content\/uploads\/usu2442\/2023\/11\/1-768x710.png 768w\" sizes=\"auto, (max-width: 357px) 100vw, 357px\" \/><\/a><\/p>\n<p>&nbsp;<\/p>\n","protected":false},"excerpt":{"rendered":"<p>Benvolgudes fam\u00edlies,<br \/>\nUs informem d&#8217;algunes novetats referents al concert d&#8217;hivern que enguany estar\u00e0 dedicat al tema de la dona.<br \/>\nHem modificat els torns per tal que cada fam\u00edlia pugui disposar de 3 entrades.<br \/>\n*Data: Divendres 15 de desembre<br \/>\n*Horari:<br \/>\n-1r torn: 9.45h (I3, I4 i I5)<br \/>\n-2n torn: 10.30h (1r, 2n&hellip;  <a href=\"https:\/\/agora.xtec.cat\/escolaprovencana\/general\/concert-dhivern-23\/\" title=\"Read Concert d&#8217;hivern &#8217;23\">Llegeix m\u00e9s\u00bb<\/a><\/p>\n","protected":false},"author":11,"featured_media":0,"comment_status":"closed","ping_status":"closed","sticky":false,"template":"","format":"standard","meta":{"_bbp_topic_count":0,"_bbp_reply_count":0,"_bbp_total_topic_count":0,"_bbp_total_reply_count":0,"_bbp_voice_count":0,"_bbp_anonymous_reply_count":0,"_bbp_topic_count_hidden":0,"_bbp_reply_count_hidden":0,"_bbp_forum_subforum_count":0,"footnotes":""},"categories":[1,64,4],"tags":[],"class_list":["post-3496","post","type-post","status-publish","format-standard","hentry","category-general","category-inici","category-portada"],"post_mailing_queue_ids":[],"_links":{"self":[{"href":"https:\/\/agora.xtec.cat\/escolaprovencana\/wp-json\/wp\/v2\/posts\/3496","targetHints":{"allow":["GET"]}}],"collection":[{"href":"https:\/\/agora.xtec.cat\/escolaprovencana\/wp-json\/wp\/v2\/posts"}],"about":[{"href":"https:\/\/agora.xtec.cat\/escolaprovencana\/wp-json\/wp\/v2\/types\/post"}],"author":[{"embeddable":true,"href":"https:\/\/agora.xtec.cat\/escolaprovencana\/wp-json\/wp\/v2\/users\/11"}],"replies":[{"embeddable":true,"href":"https:\/\/agora.xtec.cat\/escolaprovencana\/wp-json\/wp\/v2\/comments?post=3496"}],"version-history":[{"count":5,"href":"https:\/\/agora.xtec.cat\/escolaprovencana\/wp-json\/wp\/v2\/posts\/3496\/revisions"}],"predecessor-version":[{"id":3506,"href":"https:\/\/agora.xtec.cat\/escolaprovencana\/wp-json\/wp\/v2\/posts\/3496\/revisions\/3506"}],"wp:attachment":[{"href":"https:\/\/agora.xtec.cat\/escolaprovencana\/wp-json\/wp\/v2\/media?parent=3496"}],"wp:term":[{"taxonomy":"category","embeddable":true,"href":"https:\/\/agora.xtec.cat\/escolaprovencana\/wp-json\/wp\/v2\/categories?post=3496"},{"taxonomy":"post_tag","embeddable":true,"href":"https:\/\/agora.xtec.cat\/escolaprovencana\/wp-json\/wp\/v2\/tags?post=3496"}],"curies":[{"name":"wp","href":"https:\/\/api.w.org\/{rel}","templated":true}]}}