{"id":3442,"date":"2023-11-13T09:03:11","date_gmt":"2023-11-13T08:03:11","guid":{"rendered":"https:\/\/agora.xtec.cat\/escolaprovencana\/?p=3442"},"modified":"2023-11-13T16:55:20","modified_gmt":"2023-11-13T15:55:20","slug":"animals-in-danger","status":"publish","type":"post","link":"https:\/\/agora.xtec.cat\/escolaprovencana\/primaria\/animals-in-danger\/","title":{"rendered":"Animals in danger"},"content":{"rendered":"<p><strong>Day by day, more and more animals are added to the list of endangered species. In our English class, the climbers&#8217; class wanted to delve into this problem that worsens day by day.<\/strong><\/p>\n<p><strong>Therefore, we have researched which animals are on this list and have compiled a set of questions to describe them, working on the structure of the questions and different adjectives.<\/strong><\/p>\n<p><strong>We leave you a collection of some of these projects.<\/strong><\/p>\n<p><em>Dia a dia s&#8217;afegeixen m\u00e9s i m\u00e9s animals a la llista d&#8217;animals en perill d&#8217;extinci\u00f3. A classe d&#8217;angl\u00e8s, la classe de les escaladores i escaladors hem volgut aprofundir en aquest problema que dia a dia es va agreujant.\u00a0<\/em><\/p>\n<p><em>Per aix\u00f2, hem investigat quins s\u00f3n els animals que es troben a aquesta llista i hem fet un recull de preguntes per tal de descriure&#8217;ls, treballant l&#8217;estructura de les preguntes i els diferents adjectius.<\/em><\/p>\n<p><em>Us deixem un recull d&#8217;alguns d&#8217;aquests projectes.<\/em><\/p>\n<p><em><a href=\"https:\/\/agora.xtec.cat\/escolaprovencana\/wp-content\/uploads\/usu2442\/2023\/11\/Animals-in-danger.jpg\"><img loading=\"lazy\" decoding=\"async\" class=\"alignnone size-large wp-image-3443\" src=\"https:\/\/agora.xtec.cat\/escolaprovencana\/wp-content\/uploads\/usu2442\/2023\/11\/Animals-in-danger-682x1024.jpg\" alt=\"\" width=\"682\" height=\"1024\" srcset=\"https:\/\/agora.xtec.cat\/escolaprovencana\/wp-content\/uploads\/usu2442\/2023\/11\/Animals-in-danger-682x1024.jpg 682w, https:\/\/agora.xtec.cat\/escolaprovencana\/wp-content\/uploads\/usu2442\/2023\/11\/Animals-in-danger-200x300.jpg 200w, https:\/\/agora.xtec.cat\/escolaprovencana\/wp-content\/uploads\/usu2442\/2023\/11\/Animals-in-danger-768x1152.jpg 768w, https:\/\/agora.xtec.cat\/escolaprovencana\/wp-content\/uploads\/usu2442\/2023\/11\/Animals-in-danger-1024x1536.jpg 1024w, https:\/\/agora.xtec.cat\/escolaprovencana\/wp-content\/uploads\/usu2442\/2023\/11\/Animals-in-danger.jpg 1333w\" sizes=\"auto, (max-width: 682px) 100vw, 682px\" \/><\/a><\/em><\/p>\n","protected":false},"excerpt":{"rendered":"<p>Day by day, more and more animals are added to the list of endangered species. In our English class, the climbers&#8217; class wanted to delve into this problem that worsens day by day.<br \/>\nTherefore, we have researched which animals are on this list and have compiled&hellip;  <a href=\"https:\/\/agora.xtec.cat\/escolaprovencana\/primaria\/animals-in-danger\/\" title=\"Read Animals in danger\">Llegeix m\u00e9s\u00bb<\/a><\/p>\n","protected":false},"author":1,"featured_media":0,"comment_status":"closed","ping_status":"closed","sticky":false,"template":"","format":"standard","meta":{"_bbp_topic_count":0,"_bbp_reply_count":0,"_bbp_total_topic_count":0,"_bbp_total_reply_count":0,"_bbp_voice_count":0,"_bbp_anonymous_reply_count":0,"_bbp_topic_count_hidden":0,"_bbp_reply_count_hidden":0,"_bbp_forum_subforum_count":0,"footnotes":""},"categories":[12,70,5],"tags":[],"class_list":["post-3442","post","type-post","status-publish","format-standard","hentry","category-3r","category-english","category-primaria"],"post_mailing_queue_ids":[],"_links":{"self":[{"href":"https:\/\/agora.xtec.cat\/escolaprovencana\/wp-json\/wp\/v2\/posts\/3442","targetHints":{"allow":["GET"]}}],"collection":[{"href":"https:\/\/agora.xtec.cat\/escolaprovencana\/wp-json\/wp\/v2\/posts"}],"about":[{"href":"https:\/\/agora.xtec.cat\/escolaprovencana\/wp-json\/wp\/v2\/types\/post"}],"author":[{"embeddable":true,"href":"https:\/\/agora.xtec.cat\/escolaprovencana\/wp-json\/wp\/v2\/users\/1"}],"replies":[{"embeddable":true,"href":"https:\/\/agora.xtec.cat\/escolaprovencana\/wp-json\/wp\/v2\/comments?post=3442"}],"version-history":[{"count":2,"href":"https:\/\/agora.xtec.cat\/escolaprovencana\/wp-json\/wp\/v2\/posts\/3442\/revisions"}],"predecessor-version":[{"id":3445,"href":"https:\/\/agora.xtec.cat\/escolaprovencana\/wp-json\/wp\/v2\/posts\/3442\/revisions\/3445"}],"wp:attachment":[{"href":"https:\/\/agora.xtec.cat\/escolaprovencana\/wp-json\/wp\/v2\/media?parent=3442"}],"wp:term":[{"taxonomy":"category","embeddable":true,"href":"https:\/\/agora.xtec.cat\/escolaprovencana\/wp-json\/wp\/v2\/categories?post=3442"},{"taxonomy":"post_tag","embeddable":true,"href":"https:\/\/agora.xtec.cat\/escolaprovencana\/wp-json\/wp\/v2\/tags?post=3442"}],"curies":[{"name":"wp","href":"https:\/\/api.w.org\/{rel}","templated":true}]}}