{"id":3439,"date":"2023-11-09T15:26:46","date_gmt":"2023-11-09T14:26:46","guid":{"rendered":"https:\/\/agora.xtec.cat\/escolaprovencana\/?p=3439"},"modified":"2023-11-09T15:26:46","modified_gmt":"2023-11-09T14:26:46","slug":"excursio-al-cosmocaixa","status":"publish","type":"post","link":"https:\/\/agora.xtec.cat\/escolaprovencana\/primaria\/5e-b\/excursio-al-cosmocaixa\/","title":{"rendered":"Excursi\u00f3 al Cosmocaixa"},"content":{"rendered":"<p>Estimades fam\u00edlies,<\/p>\n<p>Esperem que estigueu tenint una setmana meravellosa. Nosaltres volem explicar-vos l&#8217;emocionant excursi\u00f3 que vam fer al Cosmocaixa la setmana passada. Va ser una experi\u00e8ncia incre\u00efble!<\/p>\n<p>Els nostres petits exploradors de prim\u00e0ria es van submergir en un m\u00f3n fascinant d&#8217;aprenentatge i descobriment al museu Cosmocaixa. Durant la nostra visita, els nens i nenes van participar en un taller de matem\u00e0tiques que els va deixar bocabadats. A trav\u00e9s d&#8217;activitats interactives, van descobrir conceptes sorprenents de geometria que van estimular les seves ments curioses i creatives. Va ser meravell\u00f3s veure com els ulls dels nens brillaven d&#8217;emoci\u00f3 mentre entenien els misteris de les formes i els patrons matem\u00e0tics.<\/p>\n<p>A m\u00e9s, vam explorar l&#8217;origen de l&#8217;univers d&#8217;una manera que va captivar a tots. Els nens es van submergir en les meravelles de l&#8217;espai, aprenent sobre estrelles, planetes i gal\u00e0xies. Va ser una experi\u00e8ncia educativa \u00fanica que va despertar el seu inter\u00e8s pel cosmos i els va deixar preguntant-se pels secrets de l&#8217;univers.<\/p>\n<p>Tamb\u00e9 vam tenir l&#8217;oportunitat de passejar per l&#8217;exposici\u00f3 permanent del museu, on els nostres estudiants van poder interactuar amb exposicions interactives i aprendre sobre la natura, la ci\u00e8ncia i la tecnologia d&#8217;una manera divertida i educativa.<\/p>\n<p>Estem emocionats de compartir aquests moments especials amb els vostres fills i filles i de veure com floreixen com a aprenents entusiastes i curiosos. Gr\u00e0cies per confiar en nosaltres per oferir-los aquestes oportunitats educatives significatives.<\/p>\n<p>Fins a la propera aventura!<a href=\"https:\/\/agora.xtec.cat\/escolaprovencana\/wp-content\/uploads\/usu2442\/2023\/11\/Disseny-sense-titol-1.jpg\"><img loading=\"lazy\" decoding=\"async\" class=\"alignnone size-large wp-image-3440\" src=\"https:\/\/agora.xtec.cat\/escolaprovencana\/wp-content\/uploads\/usu2442\/2023\/11\/Disseny-sense-titol-1-1024x819.jpg\" alt=\"\" width=\"1024\" height=\"819\" srcset=\"https:\/\/agora.xtec.cat\/escolaprovencana\/wp-content\/uploads\/usu2442\/2023\/11\/Disseny-sense-titol-1-1024x819.jpg 1024w, https:\/\/agora.xtec.cat\/escolaprovencana\/wp-content\/uploads\/usu2442\/2023\/11\/Disseny-sense-titol-1-300x240.jpg 300w, https:\/\/agora.xtec.cat\/escolaprovencana\/wp-content\/uploads\/usu2442\/2023\/11\/Disseny-sense-titol-1-768x614.jpg 768w, https:\/\/agora.xtec.cat\/escolaprovencana\/wp-content\/uploads\/usu2442\/2023\/11\/Disseny-sense-titol-1-1536x1229.jpg 1536w, https:\/\/agora.xtec.cat\/escolaprovencana\/wp-content\/uploads\/usu2442\/2023\/11\/Disseny-sense-titol-1.jpg 2000w\" sizes=\"auto, (max-width: 1024px) 100vw, 1024px\" \/><\/a><\/p>\n","protected":false},"excerpt":{"rendered":"<p>Estimades fam\u00edlies,<br \/>\nEsperem que estigueu tenint una setmana meravellosa. Nosaltres volem explicar-vos l&#8217;emocionant excursi\u00f3 que vam fer al Cosmocaixa la setmana passada. Va ser una experi\u00e8ncia incre\u00efble!<br \/>\nEls nostres petits exploradors de prim\u00e0ria es van submergir en un m\u00f3n fascinant d&#8217;aprenentatge i descobriment al museu Cosmocaixa. Durant&hellip;  <a href=\"https:\/\/agora.xtec.cat\/escolaprovencana\/primaria\/5e-b\/excursio-al-cosmocaixa\/\" title=\"Read Excursi\u00f3 al Cosmocaixa\">Llegeix m\u00e9s\u00bb<\/a><\/p>\n","protected":false},"author":10,"featured_media":0,"comment_status":"closed","ping_status":"closed","sticky":false,"template":"","format":"standard","meta":{"_bbp_topic_count":0,"_bbp_reply_count":0,"_bbp_total_topic_count":0,"_bbp_total_reply_count":0,"_bbp_voice_count":0,"_bbp_anonymous_reply_count":0,"_bbp_topic_count_hidden":0,"_bbp_reply_count_hidden":0,"_bbp_forum_subforum_count":0,"footnotes":""},"categories":[14],"tags":[],"class_list":["post-3439","post","type-post","status-publish","format-standard","hentry","category-5e-b"],"post_mailing_queue_ids":[],"_links":{"self":[{"href":"https:\/\/agora.xtec.cat\/escolaprovencana\/wp-json\/wp\/v2\/posts\/3439","targetHints":{"allow":["GET"]}}],"collection":[{"href":"https:\/\/agora.xtec.cat\/escolaprovencana\/wp-json\/wp\/v2\/posts"}],"about":[{"href":"https:\/\/agora.xtec.cat\/escolaprovencana\/wp-json\/wp\/v2\/types\/post"}],"author":[{"embeddable":true,"href":"https:\/\/agora.xtec.cat\/escolaprovencana\/wp-json\/wp\/v2\/users\/10"}],"replies":[{"embeddable":true,"href":"https:\/\/agora.xtec.cat\/escolaprovencana\/wp-json\/wp\/v2\/comments?post=3439"}],"version-history":[{"count":1,"href":"https:\/\/agora.xtec.cat\/escolaprovencana\/wp-json\/wp\/v2\/posts\/3439\/revisions"}],"predecessor-version":[{"id":3441,"href":"https:\/\/agora.xtec.cat\/escolaprovencana\/wp-json\/wp\/v2\/posts\/3439\/revisions\/3441"}],"wp:attachment":[{"href":"https:\/\/agora.xtec.cat\/escolaprovencana\/wp-json\/wp\/v2\/media?parent=3439"}],"wp:term":[{"taxonomy":"category","embeddable":true,"href":"https:\/\/agora.xtec.cat\/escolaprovencana\/wp-json\/wp\/v2\/categories?post=3439"},{"taxonomy":"post_tag","embeddable":true,"href":"https:\/\/agora.xtec.cat\/escolaprovencana\/wp-json\/wp\/v2\/tags?post=3439"}],"curies":[{"name":"wp","href":"https:\/\/api.w.org\/{rel}","templated":true}]}}