{"id":3434,"date":"2023-11-09T09:45:08","date_gmt":"2023-11-09T08:45:08","guid":{"rendered":"https:\/\/agora.xtec.cat\/escolaprovencana\/?p=3434"},"modified":"2023-11-09T13:19:56","modified_gmt":"2023-11-09T12:19:56","slug":"una-nova-classe-de-5e-a-lescola","status":"publish","type":"post","link":"https:\/\/agora.xtec.cat\/escolaprovencana\/primaria\/5e-b\/una-nova-classe-de-5e-a-lescola\/","title":{"rendered":"Una nova classe de 5\u00e8 a l&#8217;escola!"},"content":{"rendered":"<p>&nbsp;<\/p>\n<p><span style=\"font-weight: 400\">Benvolgudes fam\u00edlies,\u00a0<\/span><a href=\"https:\/\/agora.xtec.cat\/escolaprovencana\/wp-content\/uploads\/usu2442\/2023\/11\/PASSAPORT-min.png\"><br \/>\n<\/a><\/p>\n<p><span style=\"font-weight: 400\">A l\u2019escola Proven\u00e7ana recentment hem experimentat un <strong>canvi emocionant i enriquidor<\/strong>. Hem donat la benvinguda a una nova <strong>classe de 5\u00e8<\/strong>, i el que fa que aquesta nova aula sigui especial \u00e9s que tots els membres que la formen provenen d\u2019altres indrets del m\u00f3n!<\/span><a href=\"https:\/\/agora.xtec.cat\/escolaprovencana\/wp-content\/uploads\/usu2442\/2023\/11\/PASSAPORT-min.png\"><br \/>\n<\/a><\/p>\n<p><span style=\"font-weight: 400\">Aquesta diversitat cultural ha creat una oportunitat \u00fanica per explorar i aprendre sobre diferents cultures, tradicions i, sobretot, per con\u00e8ixer-nos millor entre els companys i les companyes.<\/span><\/p>\n<p><span style=\"font-weight: 400\">Com a escola hem decidit abra\u00e7ar aquest privilegi comen\u00e7ant el projecte<strong> \u201cD\u2019on venim?\u201d<\/strong>, que t\u00e9 com a objectiu principal fomentar la comprensi\u00f3, el respecte i la conviv\u00e8ncia. Com podeu veure aquest s\u2019ha posat en marxa amb l\u2019elaboraci\u00f3 d\u2019un passaport personalitzat on cada alumne podr\u00e0 compartir la seva riquesa cultural i aspectes personals.<\/span><\/p>\n<p><span style=\"font-weight: 400\">Tot i que aquesta aventura acaba de comen\u00e7ar, ja estem emocionats per con\u00e8ixer els nous companys que ens acompanyaran. Estigueu atents i atentes per noves actualitzacions!<\/span><\/p>\n<p><a href=\"https:\/\/agora.xtec.cat\/escolaprovencana\/wp-content\/uploads\/usu2442\/2023\/11\/PASSAPORT-min.png\"><img loading=\"lazy\" decoding=\"async\" class=\"wp-image-3435 alignleft\" src=\"https:\/\/agora.xtec.cat\/escolaprovencana\/wp-content\/uploads\/usu2442\/2023\/11\/PASSAPORT-min-1024x724.png\" alt=\"\" width=\"672\" height=\"475\" srcset=\"https:\/\/agora.xtec.cat\/escolaprovencana\/wp-content\/uploads\/usu2442\/2023\/11\/PASSAPORT-min-1024x724.png 1024w, https:\/\/agora.xtec.cat\/escolaprovencana\/wp-content\/uploads\/usu2442\/2023\/11\/PASSAPORT-min-300x212.png 300w, https:\/\/agora.xtec.cat\/escolaprovencana\/wp-content\/uploads\/usu2442\/2023\/11\/PASSAPORT-min-768x543.png 768w, https:\/\/agora.xtec.cat\/escolaprovencana\/wp-content\/uploads\/usu2442\/2023\/11\/PASSAPORT-min-1536x1086.png 1536w, https:\/\/agora.xtec.cat\/escolaprovencana\/wp-content\/uploads\/usu2442\/2023\/11\/PASSAPORT-min.png 2000w\" sizes=\"auto, (max-width: 672px) 100vw, 672px\" \/><\/a><\/p>\n","protected":false},"excerpt":{"rendered":"<p>&nbsp;<br \/>\nBenvolgudes fam\u00edlies,\u00a0<a href=\"https:\/\/agora.xtec.cat\/escolaprovencana\/wp-content\/uploads\/usu2442\/2023\/11\/PASSAPORT-min.png\"><br \/>\n<\/a><br \/>\nA l\u2019escola Proven\u00e7ana recentment hem experimentat un canvi emocionant i enriquidor. Hem donat la benvinguda a una nova classe de 5\u00e8, i el que fa que aquesta nova aula sigui especial \u00e9s que tots els membres que la formen provenen d\u2019altres indrets del&hellip;  <a href=\"https:\/\/agora.xtec.cat\/escolaprovencana\/primaria\/5e-b\/una-nova-classe-de-5e-a-lescola\/\" title=\"Read Una nova classe de 5\u00e8 a l&#8217;escola!\">Llegeix m\u00e9s\u00bb<\/a><\/p>\n","protected":false},"author":1,"featured_media":0,"comment_status":"closed","ping_status":"closed","sticky":false,"template":"","format":"standard","meta":{"_bbp_topic_count":0,"_bbp_reply_count":0,"_bbp_total_topic_count":0,"_bbp_total_reply_count":0,"_bbp_voice_count":0,"_bbp_anonymous_reply_count":0,"_bbp_topic_count_hidden":0,"_bbp_reply_count_hidden":0,"_bbp_forum_subforum_count":0,"footnotes":""},"categories":[14],"tags":[],"class_list":["post-3434","post","type-post","status-publish","format-standard","hentry","category-5e-b"],"post_mailing_queue_ids":[],"_links":{"self":[{"href":"https:\/\/agora.xtec.cat\/escolaprovencana\/wp-json\/wp\/v2\/posts\/3434","targetHints":{"allow":["GET"]}}],"collection":[{"href":"https:\/\/agora.xtec.cat\/escolaprovencana\/wp-json\/wp\/v2\/posts"}],"about":[{"href":"https:\/\/agora.xtec.cat\/escolaprovencana\/wp-json\/wp\/v2\/types\/post"}],"author":[{"embeddable":true,"href":"https:\/\/agora.xtec.cat\/escolaprovencana\/wp-json\/wp\/v2\/users\/1"}],"replies":[{"embeddable":true,"href":"https:\/\/agora.xtec.cat\/escolaprovencana\/wp-json\/wp\/v2\/comments?post=3434"}],"version-history":[{"count":2,"href":"https:\/\/agora.xtec.cat\/escolaprovencana\/wp-json\/wp\/v2\/posts\/3434\/revisions"}],"predecessor-version":[{"id":3437,"href":"https:\/\/agora.xtec.cat\/escolaprovencana\/wp-json\/wp\/v2\/posts\/3434\/revisions\/3437"}],"wp:attachment":[{"href":"https:\/\/agora.xtec.cat\/escolaprovencana\/wp-json\/wp\/v2\/media?parent=3434"}],"wp:term":[{"taxonomy":"category","embeddable":true,"href":"https:\/\/agora.xtec.cat\/escolaprovencana\/wp-json\/wp\/v2\/categories?post=3434"},{"taxonomy":"post_tag","embeddable":true,"href":"https:\/\/agora.xtec.cat\/escolaprovencana\/wp-json\/wp\/v2\/tags?post=3434"}],"curies":[{"name":"wp","href":"https:\/\/api.w.org\/{rel}","templated":true}]}}