{"id":3423,"date":"2023-11-06T12:18:04","date_gmt":"2023-11-06T11:18:04","guid":{"rendered":"https:\/\/agora.xtec.cat\/escolaprovencana\/?p=3423"},"modified":"2024-03-22T12:28:38","modified_gmt":"2024-03-22T11:28:38","slug":"eleccions-consell-escolar","status":"publish","type":"post","link":"https:\/\/agora.xtec.cat\/escolaprovencana\/general\/eleccions-consell-escolar\/","title":{"rendered":"ELECCIONS CONSELL ESCOLAR"},"content":{"rendered":"<p>El consell escolar del centre \u00e9s l&#8217;\u00f2rgan col\u00b7legiat de participaci\u00f3 de la comunitat escolar en el govern del centre. En el consell escolar hi ha representats tots els col\u00b7lectius que intervenen en la comunitat educativa.<\/p>\n<p>El passat 30 d&#8217;agost es va publicar la Resoluci\u00f3 EDU\/3014\/2023, per la qual s&#8217;estableix el calendari i el r\u00e8gim del proc\u00e9s electoral per renovar els membres dels consells escolars dels centres p\u00fablics i privats sostinguts amb fons p\u00fablic.<\/p>\n<h4 style=\"text-align: center;\"><span style=\"color: #3366ff;\">CALENDARI DE LES ELECCIONS<\/span><\/h4>\n<table class=\" aligncenter\" style=\"border-collapse: collapse; width: 83.6827%;\">\n<tbody>\n<tr>\n<td style=\"width: 44.3453%;\">Publicaci\u00f3 dels censos (suro de l&#8217;interior de l&#8217;escola on el despatx d&#8217;equip directiu )<\/td>\n<td style=\"width: 43.6811%;\">Dimarts 7 de novembre de 2023<\/td>\n<\/tr>\n<tr>\n<td style=\"width: 44.3453%;\">\n<h4><a href=\"https:\/\/drive.google.com\/file\/d\/1EPKq-_V86V4ehOZJaolzYhm62ymKxB1P\/view?usp=sharing\" target=\"_blank\" rel=\"noopener\"><strong>Presentaci\u00f3 de candidatures<\/strong><\/a><\/h4>\n<\/td>\n<td style=\"width: 43.6811%;\">\n<h4><strong>M\u00e0xim dilluns 13 de novembre<\/strong><\/h4>\n<\/td>\n<\/tr>\n<tr>\n<td style=\"width: 44.3453%;\">Publicaci\u00f3 de les candidatures (suro de l&#8217;interior de l&#8217;escola on el despatx d&#8217;equip directiu )<\/td>\n<td style=\"width: 43.6811%;\">Dimecres 15 de novembre<\/td>\n<\/tr>\n<tr>\n<td style=\"width: 44.3453%;\">\n<h4><strong>Votacions sector pares, mares, tutors\/es legals<\/strong><\/h4>\n<\/td>\n<td style=\"width: 43.6811%;\">\n<h4><strong>Dilluns 20 de novembre (9:00-9:30h i de 16:00 a 16:45h)<\/strong><\/h4>\n<\/td>\n<\/tr>\n<tr>\n<td style=\"width: 44.3453%;\">Constituci\u00f3 del nou consell escolar i presa de possessi\u00f3<\/td>\n<td style=\"width: 43.6811%;\">Dilluns 4 de desembre de 2023<\/td>\n<\/tr>\n<\/tbody>\n<\/table>\n<p>&nbsp;<\/p>\n<p>Tenint en compte la normativa vigent, a l&#8217;Escola Proven\u00e7ana hem de <strong>renovar dos membres<\/strong> del sector pares, mares, tutors\/es legals.<\/p>\n<p>Per presentar la candidatura heu d&#8217;omplir el seg\u00fcent document i entregar-lo al despatx de direcci\u00f3 com a m\u00e0xim dilluns 13 de novembre.<\/p>\n<h3 style=\"text-align: center;\"><span style=\"color: #3366ff;\"><a style=\"color: #3366ff;\" href=\"https:\/\/drive.google.com\/file\/d\/1EPKq-_V86V4ehOZJaolzYhm62ymKxB1P\/view?usp=sharing\" target=\"_blank\" rel=\"noopener\">ENLLA\u00c7 DOCUMENT PRESENTACI\u00d3 CANDIDATURA<\/a><\/span><\/h3>\n<p>Us animem a participar!<\/p>\n","protected":false},"excerpt":{"rendered":"<p>El consell escolar del centre \u00e9s l&#8217;\u00f2rgan col\u00b7legiat de participaci\u00f3 de la comunitat escolar en el govern del centre. En el consell escolar hi ha representats tots els col\u00b7lectius que intervenen en la comunitat educativa.<br \/>\nEl passat 30 d&#8217;agost es va publicar la Resoluci\u00f3 EDU\/3014\/2023, per&hellip;  <a href=\"https:\/\/agora.xtec.cat\/escolaprovencana\/general\/eleccions-consell-escolar\/\" title=\"Read ELECCIONS CONSELL ESCOLAR\">Llegeix m\u00e9s\u00bb<\/a><\/p>\n","protected":false},"author":1,"featured_media":3847,"comment_status":"closed","ping_status":"closed","sticky":false,"template":"","format":"standard","meta":{"_bbp_topic_count":0,"_bbp_reply_count":0,"_bbp_total_topic_count":0,"_bbp_total_reply_count":0,"_bbp_voice_count":0,"_bbp_anonymous_reply_count":0,"_bbp_topic_count_hidden":0,"_bbp_reply_count_hidden":0,"_bbp_forum_subforum_count":0,"footnotes":""},"categories":[101,1,64,4],"tags":[],"class_list":["post-3423","post","type-post","status-publish","format-standard","has-post-thumbnail","hentry","category-consell-escolar","category-general","category-inici","category-portada"],"post_mailing_queue_ids":[],"_links":{"self":[{"href":"https:\/\/agora.xtec.cat\/escolaprovencana\/wp-json\/wp\/v2\/posts\/3423","targetHints":{"allow":["GET"]}}],"collection":[{"href":"https:\/\/agora.xtec.cat\/escolaprovencana\/wp-json\/wp\/v2\/posts"}],"about":[{"href":"https:\/\/agora.xtec.cat\/escolaprovencana\/wp-json\/wp\/v2\/types\/post"}],"author":[{"embeddable":true,"href":"https:\/\/agora.xtec.cat\/escolaprovencana\/wp-json\/wp\/v2\/users\/1"}],"replies":[{"embeddable":true,"href":"https:\/\/agora.xtec.cat\/escolaprovencana\/wp-json\/wp\/v2\/comments?post=3423"}],"version-history":[{"count":3,"href":"https:\/\/agora.xtec.cat\/escolaprovencana\/wp-json\/wp\/v2\/posts\/3423\/revisions"}],"predecessor-version":[{"id":3426,"href":"https:\/\/agora.xtec.cat\/escolaprovencana\/wp-json\/wp\/v2\/posts\/3423\/revisions\/3426"}],"wp:featuredmedia":[{"embeddable":true,"href":"https:\/\/agora.xtec.cat\/escolaprovencana\/wp-json\/wp\/v2\/media\/3847"}],"wp:attachment":[{"href":"https:\/\/agora.xtec.cat\/escolaprovencana\/wp-json\/wp\/v2\/media?parent=3423"}],"wp:term":[{"taxonomy":"category","embeddable":true,"href":"https:\/\/agora.xtec.cat\/escolaprovencana\/wp-json\/wp\/v2\/categories?post=3423"},{"taxonomy":"post_tag","embeddable":true,"href":"https:\/\/agora.xtec.cat\/escolaprovencana\/wp-json\/wp\/v2\/tags?post=3423"}],"curies":[{"name":"wp","href":"https:\/\/api.w.org\/{rel}","templated":true}]}}