{"id":3400,"date":"2023-10-30T17:30:00","date_gmt":"2023-10-30T16:30:00","guid":{"rendered":"https:\/\/agora.xtec.cat\/escolaprovencana\/?p=3400"},"modified":"2023-10-30T17:30:00","modified_gmt":"2023-10-30T16:30:00","slug":"sortida-al-parlament-de-catalunya","status":"publish","type":"post","link":"https:\/\/agora.xtec.cat\/escolaprovencana\/primaria\/sortida-al-parlament-de-catalunya\/","title":{"rendered":"SORTIDA AL PARLAMENT DE CATALUNYA"},"content":{"rendered":"<p>El passat 18 d&#8217;octubre els alumnes de 6\u00e8 vam anar d&#8217;excursi\u00f3 al Parlament de Catalunya. Per aconseguir que l&#8217;activitat tingu\u00e9s un sentit complet, a l&#8217;aula vam dur a terme un treball previ.<\/p>\n<p>Pr\u00e8viament, hem estat treballant els sistemes de govern i hem ent\u00e8s com funciona avui en dia el sistema de govern del lloc on vivim. Un cop treballat aix\u00f2, vam\u00a0<span class=\"hiddenGreenError\" style=\"padding-bottom: 2px;background-image: url('..\/..\/..\/..\/..\/images\/squiggle_green.png');background-position: left bottom;cursor: default;color: #000000;font-family: 'Open Sans', Helvetica, Arial, sans-serif;font-size: 16px;font-style: normal;font-weight: 300;letter-spacing: normal;text-align: start;text-indent: 0px;text-transform: none\">realitzar<\/span>\u00a0un treball en grup que consistia a crear els nostres partits pol\u00edtics juntament amb els nostres programes electorals. Per elaborar els nostres programes electorals, vam haver de pensar quines coses podr\u00edem millorar del nostre pa\u00eds o de la nostra ciutat i entendre com podr\u00edem millorar la vida dels ciutadans i ciutadanes.<br \/>\nPer concloure l&#8217;activitat, vam anar al Parlament de Catalunya a presentar cada un dels programes electorals i acabar fent un joc de rol en el qual tri\u00e0vem el president de Catalunya.<br \/>\nVa ser una activitat molt interessant en la qual vam poder debatre entre nosaltres, vam veure el Parlament de Catalunya i vam aprendre com s&#8217;elegeix el president de Catalunya.<\/p>\n<div style=\"width: 480px;\" class=\"wp-video\"><!--[if lt IE 9]><script>document.createElement('video');<\/script><![endif]-->\n<video class=\"wp-video-shortcode\" id=\"video-3400-1\" width=\"480\" height=\"848\" preload=\"metadata\" controls=\"controls\"><source type=\"video\/mp4\" src=\"https:\/\/agora.xtec.cat\/escolaprovencana\/wp-content\/uploads\/usu2442\/2023\/10\/SORTIDA-PARLAMENT-CATALUNYA.mp4?_=1\" \/><a href=\"https:\/\/agora.xtec.cat\/escolaprovencana\/wp-content\/uploads\/usu2442\/2023\/10\/SORTIDA-PARLAMENT-CATALUNYA.mp4\">https:\/\/agora.xtec.cat\/escolaprovencana\/wp-content\/uploads\/usu2442\/2023\/10\/SORTIDA-PARLAMENT-CATALUNYA.mp4<\/a><\/video><\/div>\n","protected":false},"excerpt":{"rendered":"<p>El passat 18 d&#8217;octubre els alumnes de 6\u00e8 vam anar d&#8217;excursi\u00f3 al Parlament de Catalunya. Per aconseguir que l&#8217;activitat tingu\u00e9s un sentit complet, a l&#8217;aula vam dur a terme un treball previ.<br \/>\nPr\u00e8viament, hem estat treballant els sistemes de govern i hem ent\u00e8s com funciona avui&hellip;  <a href=\"https:\/\/agora.xtec.cat\/escolaprovencana\/primaria\/sortida-al-parlament-de-catalunya\/\" title=\"Read SORTIDA AL PARLAMENT DE CATALUNYA\">Llegeix m\u00e9s\u00bb<\/a><\/p>\n","protected":false},"author":1,"featured_media":0,"comment_status":"closed","ping_status":"closed","sticky":false,"template":"","format":"standard","meta":{"_bbp_topic_count":0,"_bbp_reply_count":0,"_bbp_total_topic_count":0,"_bbp_total_reply_count":0,"_bbp_voice_count":0,"_bbp_anonymous_reply_count":0,"_bbp_topic_count_hidden":0,"_bbp_reply_count_hidden":0,"_bbp_forum_subforum_count":0,"footnotes":""},"categories":[15,5],"tags":[],"class_list":["post-3400","post","type-post","status-publish","format-standard","hentry","category-6e","category-primaria"],"post_mailing_queue_ids":[],"_links":{"self":[{"href":"https:\/\/agora.xtec.cat\/escolaprovencana\/wp-json\/wp\/v2\/posts\/3400","targetHints":{"allow":["GET"]}}],"collection":[{"href":"https:\/\/agora.xtec.cat\/escolaprovencana\/wp-json\/wp\/v2\/posts"}],"about":[{"href":"https:\/\/agora.xtec.cat\/escolaprovencana\/wp-json\/wp\/v2\/types\/post"}],"author":[{"embeddable":true,"href":"https:\/\/agora.xtec.cat\/escolaprovencana\/wp-json\/wp\/v2\/users\/1"}],"replies":[{"embeddable":true,"href":"https:\/\/agora.xtec.cat\/escolaprovencana\/wp-json\/wp\/v2\/comments?post=3400"}],"version-history":[{"count":1,"href":"https:\/\/agora.xtec.cat\/escolaprovencana\/wp-json\/wp\/v2\/posts\/3400\/revisions"}],"predecessor-version":[{"id":3402,"href":"https:\/\/agora.xtec.cat\/escolaprovencana\/wp-json\/wp\/v2\/posts\/3400\/revisions\/3402"}],"wp:attachment":[{"href":"https:\/\/agora.xtec.cat\/escolaprovencana\/wp-json\/wp\/v2\/media?parent=3400"}],"wp:term":[{"taxonomy":"category","embeddable":true,"href":"https:\/\/agora.xtec.cat\/escolaprovencana\/wp-json\/wp\/v2\/categories?post=3400"},{"taxonomy":"post_tag","embeddable":true,"href":"https:\/\/agora.xtec.cat\/escolaprovencana\/wp-json\/wp\/v2\/tags?post=3400"}],"curies":[{"name":"wp","href":"https:\/\/api.w.org\/{rel}","templated":true}]}}