{"id":3363,"date":"2023-10-24T12:12:47","date_gmt":"2023-10-24T10:12:47","guid":{"rendered":"https:\/\/agora.xtec.cat\/escolaprovencana\/?p=3363"},"modified":"2023-10-24T12:39:03","modified_gmt":"2023-10-24T10:39:03","slug":"espais-de-lliure-circulacio","status":"publish","type":"post","link":"https:\/\/agora.xtec.cat\/escolaprovencana\/infantil\/i4\/espais-de-lliure-circulacio\/","title":{"rendered":"Espais de lliure circulaci\u00f3"},"content":{"rendered":"<p>Aquest any hem volgut que els nens i nenes d&#8217;I4 i I5 comparteixin estones de joc. Per crear espais amb propostes per a tots i totes hem obert aules i hem afegit el passad\u00eds com a espai per circular. A cada aula tenim 6 propostes i al passad\u00eds 3 m\u00e9s. Aquestes propostes s\u00f3n d&#8217;experimentaci\u00f3, taula de llum, art, construccions, biblioteca, treball i joc simb\u00f2lic. El canvi de propostes \u00e9s mensual.<br \/>\nEls nens i nenes tenen la llibertat d&#8217;escollir per on moure&#8217;s i a quina proposta quedar-se. Poden canviar quan vulguin i l&#8217;\u00fanic que han de tenir en compte \u00e9s si l&#8217;espai al que volen entrar est\u00e0 ple o no. Ens est\u00e0 agradant molt aquesta organitzaci\u00f3 i us deixem unes fotografies per tal que us feu una idea de lo divertit que \u00e9s!<\/p>\n<div style=\"width:fit-content;height:fit-content\">\n            <a href=\"https:\/\/clipchamp.com\/watch\/PpLFs7ZjISu?utm_source=embed&amp;utm_medium=embed&amp;utm_campaign=watch\"><br \/>\n                <img decoding=\"async\" loading=\"lazy\" style=\"height:22px\" src=\"https:\/\/clipchamp.com\/e.svg\" alt=\"Made with Clipchamp\" \/><br \/>\n            <\/a><br \/>\n            <iframe loading=\"lazy\" style=\"border:none\" src=\"https:\/\/clipchamp.com\/watch\/PpLFs7ZjISu\/embed\" width=\"640\" height=\"360\"><\/iframe>\n        <\/div>\n","protected":false},"excerpt":{"rendered":"<p>Aquest any hem volgut que els nens i nenes d&#8217;I4 i I5 comparteixin estones de joc. Per crear espais amb propostes per a tots i totes hem obert aules i hem afegit el passad\u00eds com a espai per circular. A cada aula tenim 6 propostes&hellip;  <a href=\"https:\/\/agora.xtec.cat\/escolaprovencana\/infantil\/i4\/espais-de-lliure-circulacio\/\" title=\"Read Espais de lliure circulaci\u00f3\">Llegeix m\u00e9s\u00bb<\/a><\/p>\n","protected":false},"author":16,"featured_media":3368,"comment_status":"closed","ping_status":"closed","sticky":false,"template":"","format":"standard","meta":{"_bbp_topic_count":0,"_bbp_reply_count":0,"_bbp_total_topic_count":0,"_bbp_total_reply_count":0,"_bbp_voice_count":0,"_bbp_anonymous_reply_count":0,"_bbp_topic_count_hidden":0,"_bbp_reply_count_hidden":0,"_bbp_forum_subforum_count":0,"footnotes":""},"categories":[8,9],"tags":[],"class_list":["post-3363","post","type-post","status-publish","format-standard","has-post-thumbnail","hentry","category-i4","category-i5"],"post_mailing_queue_ids":[],"_links":{"self":[{"href":"https:\/\/agora.xtec.cat\/escolaprovencana\/wp-json\/wp\/v2\/posts\/3363","targetHints":{"allow":["GET"]}}],"collection":[{"href":"https:\/\/agora.xtec.cat\/escolaprovencana\/wp-json\/wp\/v2\/posts"}],"about":[{"href":"https:\/\/agora.xtec.cat\/escolaprovencana\/wp-json\/wp\/v2\/types\/post"}],"author":[{"embeddable":true,"href":"https:\/\/agora.xtec.cat\/escolaprovencana\/wp-json\/wp\/v2\/users\/16"}],"replies":[{"embeddable":true,"href":"https:\/\/agora.xtec.cat\/escolaprovencana\/wp-json\/wp\/v2\/comments?post=3363"}],"version-history":[{"count":3,"href":"https:\/\/agora.xtec.cat\/escolaprovencana\/wp-json\/wp\/v2\/posts\/3363\/revisions"}],"predecessor-version":[{"id":3366,"href":"https:\/\/agora.xtec.cat\/escolaprovencana\/wp-json\/wp\/v2\/posts\/3363\/revisions\/3366"}],"wp:featuredmedia":[{"embeddable":true,"href":"https:\/\/agora.xtec.cat\/escolaprovencana\/wp-json\/wp\/v2\/media\/3368"}],"wp:attachment":[{"href":"https:\/\/agora.xtec.cat\/escolaprovencana\/wp-json\/wp\/v2\/media?parent=3363"}],"wp:term":[{"taxonomy":"category","embeddable":true,"href":"https:\/\/agora.xtec.cat\/escolaprovencana\/wp-json\/wp\/v2\/categories?post=3363"},{"taxonomy":"post_tag","embeddable":true,"href":"https:\/\/agora.xtec.cat\/escolaprovencana\/wp-json\/wp\/v2\/tags?post=3363"}],"curies":[{"name":"wp","href":"https:\/\/api.w.org\/{rel}","templated":true}]}}