{"id":3348,"date":"2023-10-23T12:46:37","date_gmt":"2023-10-23T10:46:37","guid":{"rendered":"https:\/\/agora.xtec.cat\/escolaprovencana\/?p=3348"},"modified":"2023-10-23T12:46:37","modified_gmt":"2023-10-23T10:46:37","slug":"la-classe-dels-boxejadors-i-boxejadores","status":"publish","type":"post","link":"https:\/\/agora.xtec.cat\/escolaprovencana\/primaria\/la-classe-dels-boxejadors-i-boxejadores\/","title":{"rendered":"LA CLASSE DELS BOXEJADORS I BOXEJADORES"},"content":{"rendered":"<p><span style=\"font-weight: 400\">Benvolgudes fam\u00edlies,<\/span><\/p>\n<p>&nbsp;<\/p>\n<p><span style=\"font-weight: 400\">Ens complau comunicar-vos que la classe de 6\u00e8 ja t\u00e9 nom de la classe. Som la classe dels boxejadors i boxejadores.<\/span><\/p>\n<p><span style=\"font-weight: 400\">Aquest curs, l&#8217;escola Proven\u00e7ana hem decidit treballar al voltant dels Jocs Ol\u00edmpics de Par\u00eds que tindran lloc aquest estiu. A conseq\u00fc\u00e8ncia d&#8217;aix\u00f2, cada classe havia d&#8217;elegir l&#8217;esport que voldria representar.<\/span><\/p>\n<p><span style=\"font-weight: 400\">Per decidir el nostre nom, ens vam repartir en grups de treball i cada un d&#8217;aquests va triar un esport a defensar, explicar i argumentar els aspectes positius d&#8217;aquell esport. Tots els grups van fer unes exposicions orals i uns Canvas molt bons. Finalment, un cop fetes les exposicions orals vam fer votacions i va sortir com a esport guanyador la boxa. Des d&#8217;aquell moment, els\/les alumnes de 6\u00e8 ens dir\u00edem la classe dels boxejadors i boxejadores.<\/span><\/p>\n<p><span style=\"font-weight: 400\">Per decorar la porta de la classe, hem pintat la silueta del fam\u00f3s boxejador Rocky Balboa i l&#8217;hem estampat en un fons blau, vermell i blanc.<\/span><a href=\"https:\/\/agora.xtec.cat\/escolaprovencana\/wp-content\/uploads\/usu2442\/2023\/10\/BOXEJADORS-I-BOXEJADORES.jpg\"><img loading=\"lazy\" decoding=\"async\" class=\"alignnone size-large wp-image-3350\" src=\"https:\/\/agora.xtec.cat\/escolaprovencana\/wp-content\/uploads\/usu2442\/2023\/10\/BOXEJADORS-I-BOXEJADORES-682x1024.jpg\" alt=\"\" width=\"682\" height=\"1024\" srcset=\"https:\/\/agora.xtec.cat\/escolaprovencana\/wp-content\/uploads\/usu2442\/2023\/10\/BOXEJADORS-I-BOXEJADORES-682x1024.jpg 682w, https:\/\/agora.xtec.cat\/escolaprovencana\/wp-content\/uploads\/usu2442\/2023\/10\/BOXEJADORS-I-BOXEJADORES-200x300.jpg 200w, https:\/\/agora.xtec.cat\/escolaprovencana\/wp-content\/uploads\/usu2442\/2023\/10\/BOXEJADORS-I-BOXEJADORES-768x1152.jpg 768w, https:\/\/agora.xtec.cat\/escolaprovencana\/wp-content\/uploads\/usu2442\/2023\/10\/BOXEJADORS-I-BOXEJADORES-1024x1536.jpg 1024w, https:\/\/agora.xtec.cat\/escolaprovencana\/wp-content\/uploads\/usu2442\/2023\/10\/BOXEJADORS-I-BOXEJADORES.jpg 1333w\" sizes=\"auto, (max-width: 682px) 100vw, 682px\" \/><\/a><\/p>\n","protected":false},"excerpt":{"rendered":"<p>Benvolgudes fam\u00edlies,<br \/>\n&nbsp;<br \/>\nEns complau comunicar-vos que la classe de 6\u00e8 ja t\u00e9 nom de la classe. Som la classe dels boxejadors i boxejadores.<br \/>\nAquest curs, l&#8217;escola Proven\u00e7ana hem decidit treballar al voltant dels Jocs Ol\u00edmpics de Par\u00eds que tindran lloc aquest estiu. A conseq\u00fc\u00e8ncia d&#8217;aix\u00f2, cada classe&hellip;  <a href=\"https:\/\/agora.xtec.cat\/escolaprovencana\/primaria\/la-classe-dels-boxejadors-i-boxejadores\/\" title=\"Read LA CLASSE DELS BOXEJADORS I BOXEJADORES\">Llegeix m\u00e9s\u00bb<\/a><\/p>\n","protected":false},"author":1,"featured_media":0,"comment_status":"closed","ping_status":"closed","sticky":false,"template":"","format":"standard","meta":{"_bbp_topic_count":0,"_bbp_reply_count":0,"_bbp_total_topic_count":0,"_bbp_total_reply_count":0,"_bbp_voice_count":0,"_bbp_anonymous_reply_count":0,"_bbp_topic_count_hidden":0,"_bbp_reply_count_hidden":0,"_bbp_forum_subforum_count":0,"footnotes":""},"categories":[15,5],"tags":[],"class_list":["post-3348","post","type-post","status-publish","format-standard","hentry","category-6e","category-primaria"],"post_mailing_queue_ids":[],"_links":{"self":[{"href":"https:\/\/agora.xtec.cat\/escolaprovencana\/wp-json\/wp\/v2\/posts\/3348","targetHints":{"allow":["GET"]}}],"collection":[{"href":"https:\/\/agora.xtec.cat\/escolaprovencana\/wp-json\/wp\/v2\/posts"}],"about":[{"href":"https:\/\/agora.xtec.cat\/escolaprovencana\/wp-json\/wp\/v2\/types\/post"}],"author":[{"embeddable":true,"href":"https:\/\/agora.xtec.cat\/escolaprovencana\/wp-json\/wp\/v2\/users\/1"}],"replies":[{"embeddable":true,"href":"https:\/\/agora.xtec.cat\/escolaprovencana\/wp-json\/wp\/v2\/comments?post=3348"}],"version-history":[{"count":1,"href":"https:\/\/agora.xtec.cat\/escolaprovencana\/wp-json\/wp\/v2\/posts\/3348\/revisions"}],"predecessor-version":[{"id":3351,"href":"https:\/\/agora.xtec.cat\/escolaprovencana\/wp-json\/wp\/v2\/posts\/3348\/revisions\/3351"}],"wp:attachment":[{"href":"https:\/\/agora.xtec.cat\/escolaprovencana\/wp-json\/wp\/v2\/media?parent=3348"}],"wp:term":[{"taxonomy":"category","embeddable":true,"href":"https:\/\/agora.xtec.cat\/escolaprovencana\/wp-json\/wp\/v2\/categories?post=3348"},{"taxonomy":"post_tag","embeddable":true,"href":"https:\/\/agora.xtec.cat\/escolaprovencana\/wp-json\/wp\/v2\/tags?post=3348"}],"curies":[{"name":"wp","href":"https:\/\/api.w.org\/{rel}","templated":true}]}}