{"id":3329,"date":"2023-10-20T16:18:31","date_gmt":"2023-10-20T14:18:31","guid":{"rendered":"https:\/\/agora.xtec.cat\/escolaprovencana\/?p=3329"},"modified":"2023-10-20T16:18:31","modified_gmt":"2023-10-20T14:18:31","slug":"ha-nascut-la-nostra-cooperativa","status":"publish","type":"post","link":"https:\/\/agora.xtec.cat\/escolaprovencana\/primaria\/5e-b\/ha-nascut-la-nostra-cooperativa\/","title":{"rendered":"Ha nascut la nostra cooperativa"},"content":{"rendered":"<p style=\"text-align: center\">ProvenCoorp, la nostra cooperativa<\/p>\n<p>C\u00f3m b\u00e9 sabeu, aquest any els alumnes de cinqu\u00e8 tenim el repte de crear la cooperativa. El treball en equip, el ser capa\u00e7os d&#8217;arribar a acords, fer-ho junts i amb bona simonia, suposar\u00e0 tot un repte per a tothom.<\/p>\n<p>l&#8217;Aventura ha comen\u00e7at, tenim molta feina per endavant.<\/p>\n<p>Vine i a la cooperativa i gaudeix de la vida!<\/p>\n<p><a href=\"https:\/\/agora.xtec.cat\/escolaprovencana\/wp-content\/uploads\/usu2442\/2023\/10\/Delta-del-Llobregat-11-oct.-2023-compressed.mov\">Descobrim el Llobregat!<\/a> <a href=\"https:\/\/agora.xtec.cat\/escolaprovencana\/wp-content\/uploads\/usu2442\/2023\/10\/Disseny-sense-titol-1.jpg\"><img loading=\"lazy\" decoding=\"async\" class=\"alignnone size-large wp-image-3331\" src=\"https:\/\/agora.xtec.cat\/escolaprovencana\/wp-content\/uploads\/usu2442\/2023\/10\/Disseny-sense-titol-1-1024x576.jpg\" alt=\"\" width=\"1024\" height=\"576\" srcset=\"https:\/\/agora.xtec.cat\/escolaprovencana\/wp-content\/uploads\/usu2442\/2023\/10\/Disseny-sense-titol-1-1024x576.jpg 1024w, https:\/\/agora.xtec.cat\/escolaprovencana\/wp-content\/uploads\/usu2442\/2023\/10\/Disseny-sense-titol-1-300x169.jpg 300w, https:\/\/agora.xtec.cat\/escolaprovencana\/wp-content\/uploads\/usu2442\/2023\/10\/Disseny-sense-titol-1-768x432.jpg 768w, https:\/\/agora.xtec.cat\/escolaprovencana\/wp-content\/uploads\/usu2442\/2023\/10\/Disseny-sense-titol-1-1536x864.jpg 1536w, https:\/\/agora.xtec.cat\/escolaprovencana\/wp-content\/uploads\/usu2442\/2023\/10\/Disseny-sense-titol-1.jpg 1920w\" sizes=\"auto, (max-width: 1024px) 100vw, 1024px\" \/><\/a><\/p>\n","protected":false},"excerpt":{"rendered":"<p>ProvenCoorp, la nostra cooperativa<br \/>\nC\u00f3m b\u00e9 sabeu, aquest any els alumnes de cinqu\u00e8 tenim el repte de crear la cooperativa. El treball en equip, el ser capa\u00e7os d&#8217;arribar a acords, fer-ho junts i amb bona simonia, suposar\u00e0 tot un repte per a tothom.<br \/>\nl&#8217;Aventura ha comen\u00e7at, tenim&hellip;  <a href=\"https:\/\/agora.xtec.cat\/escolaprovencana\/primaria\/5e-b\/ha-nascut-la-nostra-cooperativa\/\" title=\"Read Ha nascut la nostra cooperativa\">Llegeix m\u00e9s\u00bb<\/a><\/p>\n","protected":false},"author":10,"featured_media":0,"comment_status":"closed","ping_status":"closed","sticky":false,"template":"","format":"standard","meta":{"_bbp_topic_count":0,"_bbp_reply_count":0,"_bbp_total_topic_count":0,"_bbp_total_reply_count":0,"_bbp_voice_count":0,"_bbp_anonymous_reply_count":0,"_bbp_topic_count_hidden":0,"_bbp_reply_count_hidden":0,"_bbp_forum_subforum_count":0,"footnotes":""},"categories":[14],"tags":[],"class_list":["post-3329","post","type-post","status-publish","format-standard","hentry","category-5e-b"],"post_mailing_queue_ids":[],"_links":{"self":[{"href":"https:\/\/agora.xtec.cat\/escolaprovencana\/wp-json\/wp\/v2\/posts\/3329","targetHints":{"allow":["GET"]}}],"collection":[{"href":"https:\/\/agora.xtec.cat\/escolaprovencana\/wp-json\/wp\/v2\/posts"}],"about":[{"href":"https:\/\/agora.xtec.cat\/escolaprovencana\/wp-json\/wp\/v2\/types\/post"}],"author":[{"embeddable":true,"href":"https:\/\/agora.xtec.cat\/escolaprovencana\/wp-json\/wp\/v2\/users\/10"}],"replies":[{"embeddable":true,"href":"https:\/\/agora.xtec.cat\/escolaprovencana\/wp-json\/wp\/v2\/comments?post=3329"}],"version-history":[{"count":1,"href":"https:\/\/agora.xtec.cat\/escolaprovencana\/wp-json\/wp\/v2\/posts\/3329\/revisions"}],"predecessor-version":[{"id":3332,"href":"https:\/\/agora.xtec.cat\/escolaprovencana\/wp-json\/wp\/v2\/posts\/3329\/revisions\/3332"}],"wp:attachment":[{"href":"https:\/\/agora.xtec.cat\/escolaprovencana\/wp-json\/wp\/v2\/media?parent=3329"}],"wp:term":[{"taxonomy":"category","embeddable":true,"href":"https:\/\/agora.xtec.cat\/escolaprovencana\/wp-json\/wp\/v2\/categories?post=3329"},{"taxonomy":"post_tag","embeddable":true,"href":"https:\/\/agora.xtec.cat\/escolaprovencana\/wp-json\/wp\/v2\/tags?post=3329"}],"curies":[{"name":"wp","href":"https:\/\/api.w.org\/{rel}","templated":true}]}}