{"id":3311,"date":"2023-10-09T12:53:35","date_gmt":"2023-10-09T10:53:35","guid":{"rendered":"https:\/\/agora.xtec.cat\/escolaprovencana\/?p=3311"},"modified":"2023-10-09T12:53:35","modified_gmt":"2023-10-09T10:53:35","slug":"els-i-les-gimnastes-de-5e","status":"publish","type":"post","link":"https:\/\/agora.xtec.cat\/escolaprovencana\/primaria\/5e-b\/els-i-les-gimnastes-de-5e\/","title":{"rendered":"Els i les gimnastes de 5\u00e8"},"content":{"rendered":"<p>\u00c9s un plaer donar-vos la benvinguda a l&#8217;emocionant inici del nou curs escolar a l&#8217;Escola Proven\u00e7ana. Aquest any, ens complau anunciar que la classe de cinqu\u00e8 grau ser\u00e0 coneguda com &#8220;La Classe dels Gimnastes&#8221;. La ra\u00f3? Perqu\u00e8 aquest any ens submergirem en l&#8217;apassionant m\u00f3n dels Jocs Ol\u00edmpics.<\/p>\n<p>El tema com\u00fa de la nostra escola per a aquest any \u00e9s precisament aquest: els Jocs Ol\u00edmpics. Estem emocionats d&#8217;explorar les diverses disciplines esportives, celebrar la dedicaci\u00f3, l&#8217;esfor\u00e7 i l&#8217;esperit d&#8217;equip que representen els Jocs Ol\u00edmpics. A la classe de cinqu\u00e8, ens centrarem especialment en la gr\u00e0cia i l&#8217;habilitat dels gimnastes, inspirant-nos en la seva determinaci\u00f3 i destresa.<\/p>\n<p>Estem compromesos a crear un ambient educatiu estimulant, on cada nen i nena pugui cr\u00e9ixer acad\u00e8mica i personalment. Estem desitjosos de treballar junts per ajudar els vostres fills i filles a assolir les seves metes i descobrir el seu potencial m\u00e0xim.<\/p>\n<p>Prepareu-vos per a un any ple d&#8217;aprenentatge, diversi\u00f3 i assoliments!<\/p>\n<p>Atentament,<\/p>\n<p>La classe dels gimnastes.<\/p>\n<p><a href=\"https:\/\/agora.xtec.cat\/escolaprovencana\/wp-content\/uploads\/usu2442\/2023\/10\/WhatsApp-Image-2023-10-09-at-12.51.54.jpeg\"><img loading=\"lazy\" decoding=\"async\" class=\"alignnone size-large wp-image-3312\" src=\"https:\/\/agora.xtec.cat\/escolaprovencana\/wp-content\/uploads\/usu2442\/2023\/10\/WhatsApp-Image-2023-10-09-at-12.51.54-768x1024.jpeg\" alt=\"\" width=\"768\" height=\"1024\" srcset=\"https:\/\/agora.xtec.cat\/escolaprovencana\/wp-content\/uploads\/usu2442\/2023\/10\/WhatsApp-Image-2023-10-09-at-12.51.54-768x1024.jpeg 768w, https:\/\/agora.xtec.cat\/escolaprovencana\/wp-content\/uploads\/usu2442\/2023\/10\/WhatsApp-Image-2023-10-09-at-12.51.54-225x300.jpeg 225w, https:\/\/agora.xtec.cat\/escolaprovencana\/wp-content\/uploads\/usu2442\/2023\/10\/WhatsApp-Image-2023-10-09-at-12.51.54-1152x1536.jpeg 1152w, https:\/\/agora.xtec.cat\/escolaprovencana\/wp-content\/uploads\/usu2442\/2023\/10\/WhatsApp-Image-2023-10-09-at-12.51.54.jpeg 1200w\" sizes=\"auto, (max-width: 768px) 100vw, 768px\" \/><\/a><\/p>\n","protected":false},"excerpt":{"rendered":"<p>\u00c9s un plaer donar-vos la benvinguda a l&#8217;emocionant inici del nou curs escolar a l&#8217;Escola Proven\u00e7ana. Aquest any, ens complau anunciar que la classe de cinqu\u00e8 grau ser\u00e0 coneguda com &#8220;La Classe dels Gimnastes&#8221;. La ra\u00f3? Perqu\u00e8 aquest any ens submergirem en l&#8217;apassionant m\u00f3n dels&hellip;  <a href=\"https:\/\/agora.xtec.cat\/escolaprovencana\/primaria\/5e-b\/els-i-les-gimnastes-de-5e\/\" title=\"Read Els i les gimnastes de 5\u00e8\">Llegeix m\u00e9s\u00bb<\/a><\/p>\n","protected":false},"author":10,"featured_media":0,"comment_status":"closed","ping_status":"closed","sticky":false,"template":"","format":"standard","meta":{"_bbp_topic_count":0,"_bbp_reply_count":0,"_bbp_total_topic_count":0,"_bbp_total_reply_count":0,"_bbp_voice_count":0,"_bbp_anonymous_reply_count":0,"_bbp_topic_count_hidden":0,"_bbp_reply_count_hidden":0,"_bbp_forum_subforum_count":0,"footnotes":""},"categories":[14],"tags":[],"class_list":["post-3311","post","type-post","status-publish","format-standard","hentry","category-5e-b"],"post_mailing_queue_ids":[],"_links":{"self":[{"href":"https:\/\/agora.xtec.cat\/escolaprovencana\/wp-json\/wp\/v2\/posts\/3311","targetHints":{"allow":["GET"]}}],"collection":[{"href":"https:\/\/agora.xtec.cat\/escolaprovencana\/wp-json\/wp\/v2\/posts"}],"about":[{"href":"https:\/\/agora.xtec.cat\/escolaprovencana\/wp-json\/wp\/v2\/types\/post"}],"author":[{"embeddable":true,"href":"https:\/\/agora.xtec.cat\/escolaprovencana\/wp-json\/wp\/v2\/users\/10"}],"replies":[{"embeddable":true,"href":"https:\/\/agora.xtec.cat\/escolaprovencana\/wp-json\/wp\/v2\/comments?post=3311"}],"version-history":[{"count":1,"href":"https:\/\/agora.xtec.cat\/escolaprovencana\/wp-json\/wp\/v2\/posts\/3311\/revisions"}],"predecessor-version":[{"id":3313,"href":"https:\/\/agora.xtec.cat\/escolaprovencana\/wp-json\/wp\/v2\/posts\/3311\/revisions\/3313"}],"wp:attachment":[{"href":"https:\/\/agora.xtec.cat\/escolaprovencana\/wp-json\/wp\/v2\/media?parent=3311"}],"wp:term":[{"taxonomy":"category","embeddable":true,"href":"https:\/\/agora.xtec.cat\/escolaprovencana\/wp-json\/wp\/v2\/categories?post=3311"},{"taxonomy":"post_tag","embeddable":true,"href":"https:\/\/agora.xtec.cat\/escolaprovencana\/wp-json\/wp\/v2\/tags?post=3311"}],"curies":[{"name":"wp","href":"https:\/\/api.w.org\/{rel}","templated":true}]}}