{"id":3208,"date":"2023-06-16T13:23:10","date_gmt":"2023-06-16T11:23:10","guid":{"rendered":"https:\/\/agora.xtec.cat\/escolaprovencana\/?p=3208"},"modified":"2023-06-16T13:23:10","modified_gmt":"2023-06-16T11:23:10","slug":"comiat-de-6e","status":"publish","type":"post","link":"https:\/\/agora.xtec.cat\/escolaprovencana\/primaria\/5e-b\/comiat-de-6e\/","title":{"rendered":"Comiat de 6\u00e8"},"content":{"rendered":"<p>El dijous 15 de juny vam anar al Centre Cultural Santa Eul\u00e0lia. Aqu\u00ed us mostrem la can\u00e7\u00f3 que vam cantar els nens i nenes de 5\u00e8.<\/p>\n<p><a href=\"https:\/\/youtu.be\/GRmyn9O6jj8\">VIDEO<\/a><\/p>\n","protected":false},"excerpt":{"rendered":"<p>El dijous 15 de juny vam anar al Centre Cultural Santa Eul\u00e0lia. Aqu\u00ed us mostrem la can\u00e7\u00f3 que vam cantar els nens i nenes de 5\u00e8.<br \/>\n<a href=\"https:\/\/youtu.be\/GRmyn9O6jj8\">VIDEO<\/a><\/p>\n","protected":false},"author":1,"featured_media":3209,"comment_status":"closed","ping_status":"closed","sticky":false,"template":"","format":"standard","meta":{"_bbp_topic_count":0,"_bbp_reply_count":0,"_bbp_total_topic_count":0,"_bbp_total_reply_count":0,"_bbp_voice_count":0,"_bbp_anonymous_reply_count":0,"_bbp_topic_count_hidden":0,"_bbp_reply_count_hidden":0,"_bbp_forum_subforum_count":0,"footnotes":""},"categories":[14],"tags":[],"class_list":["post-3208","post","type-post","status-publish","format-standard","has-post-thumbnail","hentry","category-5e-b"],"post_mailing_queue_ids":[],"_links":{"self":[{"href":"https:\/\/agora.xtec.cat\/escolaprovencana\/wp-json\/wp\/v2\/posts\/3208","targetHints":{"allow":["GET"]}}],"collection":[{"href":"https:\/\/agora.xtec.cat\/escolaprovencana\/wp-json\/wp\/v2\/posts"}],"about":[{"href":"https:\/\/agora.xtec.cat\/escolaprovencana\/wp-json\/wp\/v2\/types\/post"}],"author":[{"embeddable":true,"href":"https:\/\/agora.xtec.cat\/escolaprovencana\/wp-json\/wp\/v2\/users\/1"}],"replies":[{"embeddable":true,"href":"https:\/\/agora.xtec.cat\/escolaprovencana\/wp-json\/wp\/v2\/comments?post=3208"}],"version-history":[{"count":1,"href":"https:\/\/agora.xtec.cat\/escolaprovencana\/wp-json\/wp\/v2\/posts\/3208\/revisions"}],"predecessor-version":[{"id":3210,"href":"https:\/\/agora.xtec.cat\/escolaprovencana\/wp-json\/wp\/v2\/posts\/3208\/revisions\/3210"}],"wp:featuredmedia":[{"embeddable":true,"href":"https:\/\/agora.xtec.cat\/escolaprovencana\/wp-json\/wp\/v2\/media\/3209"}],"wp:attachment":[{"href":"https:\/\/agora.xtec.cat\/escolaprovencana\/wp-json\/wp\/v2\/media?parent=3208"}],"wp:term":[{"taxonomy":"category","embeddable":true,"href":"https:\/\/agora.xtec.cat\/escolaprovencana\/wp-json\/wp\/v2\/categories?post=3208"},{"taxonomy":"post_tag","embeddable":true,"href":"https:\/\/agora.xtec.cat\/escolaprovencana\/wp-json\/wp\/v2\/tags?post=3208"}],"curies":[{"name":"wp","href":"https:\/\/api.w.org\/{rel}","templated":true}]}}