{"id":3182,"date":"2023-05-24T14:00:23","date_gmt":"2023-05-24T12:00:23","guid":{"rendered":"https:\/\/agora.xtec.cat\/escolaprovencana\/?p=3182"},"modified":"2024-03-22T12:55:44","modified_gmt":"2024-03-22T11:55:44","slug":"chispitas","status":"publish","type":"post","link":"https:\/\/agora.xtec.cat\/escolaprovencana\/general\/chispitas\/","title":{"rendered":"CHISPITAS!"},"content":{"rendered":"<p>Benvolgudes fam\u00edlies! Avui estem emocionats de comunicar-vos el nom de la nova incorporaci\u00f3 que van fer a la nostra estimada escola. \u00c9s una criatura m\u00e0gica que ha captivat els nostres cors, per aix\u00f2, a trav\u00e9s d&#8217;una votaci\u00f3 ja tenim el seu nom. Sense m\u00e9s pre\u00e0mbuls, deixeu-nos presentar-vos al nostre amic m\u00e0gic: el DRAC CHISPITAS! \ud83d\udc09<\/p>\n<p>Chispitas s&#8217;ha convertit en un company inseparable per als nostres alumnes i mestres, ja que ha il\u00b7luminat la nostra escola amb la seva pres\u00e8ncia m\u00e0gica i encantadora. A m\u00e9s a m\u00e9s, el drac ens recorda constantment la import\u00e0ncia de deixar volar la nostra imaginaci\u00f3 i respectar i ser respectats. Per tant, amb Chispitas al nostre costat, l&#8217;aprenentatge a l&#8217;escola \u00e9s encara m\u00e9s m\u00e0gic i emocionant. \ud83d\udc09<\/p>\n<p><a href=\"https:\/\/agora.xtec.cat\/escolaprovencana\/wp-content\/uploads\/usu2442\/2023\/05\/comprimit-scaled.jpg\"><img loading=\"lazy\" decoding=\"async\" class=\"alignnone size-large wp-image-3183\" src=\"https:\/\/agora.xtec.cat\/escolaprovencana\/wp-content\/uploads\/usu2442\/2023\/05\/comprimit-1024x768.jpg\" alt=\"\" width=\"1024\" height=\"768\" srcset=\"https:\/\/agora.xtec.cat\/escolaprovencana\/wp-content\/uploads\/usu2442\/2023\/05\/comprimit-1024x768.jpg 1024w, https:\/\/agora.xtec.cat\/escolaprovencana\/wp-content\/uploads\/usu2442\/2023\/05\/comprimit-300x225.jpg 300w, https:\/\/agora.xtec.cat\/escolaprovencana\/wp-content\/uploads\/usu2442\/2023\/05\/comprimit-768x576.jpg 768w, https:\/\/agora.xtec.cat\/escolaprovencana\/wp-content\/uploads\/usu2442\/2023\/05\/comprimit-1536x1152.jpg 1536w, https:\/\/agora.xtec.cat\/escolaprovencana\/wp-content\/uploads\/usu2442\/2023\/05\/comprimit-2048x1536.jpg 2048w, https:\/\/agora.xtec.cat\/escolaprovencana\/wp-content\/uploads\/usu2442\/2023\/05\/comprimit-200x150.jpg 200w\" sizes=\"auto, (max-width: 1024px) 100vw, 1024px\" \/><\/a><\/p>\n","protected":false},"excerpt":{"rendered":"<p>Benvolgudes fam\u00edlies! Avui estem emocionats de comunicar-vos el nom de la nova incorporaci\u00f3 que van fer a la nostra estimada escola. \u00c9s una criatura m\u00e0gica que ha captivat els nostres cors, per aix\u00f2, a trav\u00e9s d&#8217;una votaci\u00f3 ja tenim el seu nom. Sense m\u00e9s pre\u00e0mbuls,&hellip;  <a href=\"https:\/\/agora.xtec.cat\/escolaprovencana\/general\/chispitas\/\" title=\"Read CHISPITAS!\">Llegeix m\u00e9s\u00bb<\/a><\/p>\n","protected":false},"author":1,"featured_media":3183,"comment_status":"closed","ping_status":"closed","sticky":false,"template":"","format":"standard","meta":{"_bbp_topic_count":0,"_bbp_reply_count":0,"_bbp_total_topic_count":0,"_bbp_total_reply_count":0,"_bbp_voice_count":0,"_bbp_anonymous_reply_count":0,"_bbp_topic_count_hidden":0,"_bbp_reply_count_hidden":0,"_bbp_forum_subforum_count":0,"footnotes":""},"categories":[1,2,64,4,5],"tags":[],"class_list":["post-3182","post","type-post","status-publish","format-standard","has-post-thumbnail","hentry","category-general","category-infantil","category-inici","category-portada","category-primaria"],"post_mailing_queue_ids":[],"_links":{"self":[{"href":"https:\/\/agora.xtec.cat\/escolaprovencana\/wp-json\/wp\/v2\/posts\/3182","targetHints":{"allow":["GET"]}}],"collection":[{"href":"https:\/\/agora.xtec.cat\/escolaprovencana\/wp-json\/wp\/v2\/posts"}],"about":[{"href":"https:\/\/agora.xtec.cat\/escolaprovencana\/wp-json\/wp\/v2\/types\/post"}],"author":[{"embeddable":true,"href":"https:\/\/agora.xtec.cat\/escolaprovencana\/wp-json\/wp\/v2\/users\/1"}],"replies":[{"embeddable":true,"href":"https:\/\/agora.xtec.cat\/escolaprovencana\/wp-json\/wp\/v2\/comments?post=3182"}],"version-history":[{"count":4,"href":"https:\/\/agora.xtec.cat\/escolaprovencana\/wp-json\/wp\/v2\/posts\/3182\/revisions"}],"predecessor-version":[{"id":3849,"href":"https:\/\/agora.xtec.cat\/escolaprovencana\/wp-json\/wp\/v2\/posts\/3182\/revisions\/3849"}],"wp:featuredmedia":[{"embeddable":true,"href":"https:\/\/agora.xtec.cat\/escolaprovencana\/wp-json\/wp\/v2\/media\/3183"}],"wp:attachment":[{"href":"https:\/\/agora.xtec.cat\/escolaprovencana\/wp-json\/wp\/v2\/media?parent=3182"}],"wp:term":[{"taxonomy":"category","embeddable":true,"href":"https:\/\/agora.xtec.cat\/escolaprovencana\/wp-json\/wp\/v2\/categories?post=3182"},{"taxonomy":"post_tag","embeddable":true,"href":"https:\/\/agora.xtec.cat\/escolaprovencana\/wp-json\/wp\/v2\/tags?post=3182"}],"curies":[{"name":"wp","href":"https:\/\/api.w.org\/{rel}","templated":true}]}}