{"id":3163,"date":"2023-05-16T13:37:31","date_gmt":"2023-05-16T11:37:31","guid":{"rendered":"https:\/\/agora.xtec.cat\/escolaprovencana\/?p=3163"},"modified":"2023-05-16T13:37:31","modified_gmt":"2023-05-16T11:37:31","slug":"espais-de-lliure-circulacio-abril","status":"publish","type":"post","link":"https:\/\/agora.xtec.cat\/escolaprovencana\/infantil\/i3\/espais-de-lliure-circulacio-abril\/","title":{"rendered":"Espais de lliure circulaci\u00f3 Abril"},"content":{"rendered":"<p>Durant aquest mes d&#8217;Abril hem estat circulant per les seg\u00fcents propostes:<br \/>\n&#8211; A l&#8217;espai de treball hem estat jugant al joc de les pinces dels nostres noms i a fer puzles amb les nostres fotografies ordenant les lletres que formen el nostre nom.<br \/>\n&#8211; A la taula de llum hem estat jugant amb les lletres transl\u00facides.<br \/>\n&#8211; A pl\u00e0stica hem estat fent dibuixos lliures de primavera amb playcolor de tots els colors.<br \/>\n&#8211; A construccions hem estat utilitzant unes peces imantades formades per cilindres i esferes.<br \/>\n&#8211; A joc simb\u00f2lic hem tingut dos propostes diferents: un mini m\u00f3n amb ninos i la consulta m\u00e8dica (aquest cop amb receptes personalitzades).<br \/>\n&#8211; A Biblioteca hem estat recreant el conte de Sant Jordi amb diferents materials.<br \/>\n&#8211; A la taula d&#8217;experimentaci\u00f3 hem tingut una proposta d&#8217;esferes d&#8217;hidrogel amb insectes i targetes per treballar vocabulari. Tamb\u00e9 ten\u00edem estris d&#8217;observaci\u00f3 i de classificaci\u00f3 per a poder explorar.<br \/>\nEsperem que gaudiu de les fotografies.<br \/>\n<iframe loading=\"lazy\" src=\"https:\/\/player.vimeo.com\/video\/827226885?h=4fd3fc25a3\" width=\"640\" height=\"564\" frameborder=\"0\"><\/iframe><\/p>\n","protected":false},"excerpt":{"rendered":"<p>Durant aquest mes d&#8217;Abril hem estat circulant per les seg\u00fcents propostes:<br \/>\n&#8211; A l&#8217;espai de treball hem estat jugant al joc de les pinces dels nostres noms i a fer puzles amb les nostres fotografies ordenant les lletres que formen el nostre nom.<br \/>\n&#8211; A la taula&hellip;  <a href=\"https:\/\/agora.xtec.cat\/escolaprovencana\/infantil\/i3\/espais-de-lliure-circulacio-abril\/\" title=\"Read Espais de lliure circulaci\u00f3 Abril\">Llegeix m\u00e9s\u00bb<\/a><\/p>\n","protected":false},"author":16,"featured_media":3164,"comment_status":"closed","ping_status":"closed","sticky":false,"template":"","format":"standard","meta":{"_bbp_topic_count":0,"_bbp_reply_count":0,"_bbp_total_topic_count":0,"_bbp_total_reply_count":0,"_bbp_voice_count":0,"_bbp_anonymous_reply_count":0,"_bbp_topic_count_hidden":0,"_bbp_reply_count_hidden":0,"_bbp_forum_subforum_count":0,"footnotes":""},"categories":[3],"tags":[],"class_list":["post-3163","post","type-post","status-publish","format-standard","has-post-thumbnail","hentry","category-i3"],"post_mailing_queue_ids":[],"_links":{"self":[{"href":"https:\/\/agora.xtec.cat\/escolaprovencana\/wp-json\/wp\/v2\/posts\/3163","targetHints":{"allow":["GET"]}}],"collection":[{"href":"https:\/\/agora.xtec.cat\/escolaprovencana\/wp-json\/wp\/v2\/posts"}],"about":[{"href":"https:\/\/agora.xtec.cat\/escolaprovencana\/wp-json\/wp\/v2\/types\/post"}],"author":[{"embeddable":true,"href":"https:\/\/agora.xtec.cat\/escolaprovencana\/wp-json\/wp\/v2\/users\/16"}],"replies":[{"embeddable":true,"href":"https:\/\/agora.xtec.cat\/escolaprovencana\/wp-json\/wp\/v2\/comments?post=3163"}],"version-history":[{"count":1,"href":"https:\/\/agora.xtec.cat\/escolaprovencana\/wp-json\/wp\/v2\/posts\/3163\/revisions"}],"predecessor-version":[{"id":3165,"href":"https:\/\/agora.xtec.cat\/escolaprovencana\/wp-json\/wp\/v2\/posts\/3163\/revisions\/3165"}],"wp:featuredmedia":[{"embeddable":true,"href":"https:\/\/agora.xtec.cat\/escolaprovencana\/wp-json\/wp\/v2\/media\/3164"}],"wp:attachment":[{"href":"https:\/\/agora.xtec.cat\/escolaprovencana\/wp-json\/wp\/v2\/media?parent=3163"}],"wp:term":[{"taxonomy":"category","embeddable":true,"href":"https:\/\/agora.xtec.cat\/escolaprovencana\/wp-json\/wp\/v2\/categories?post=3163"},{"taxonomy":"post_tag","embeddable":true,"href":"https:\/\/agora.xtec.cat\/escolaprovencana\/wp-json\/wp\/v2\/tags?post=3163"}],"curies":[{"name":"wp","href":"https:\/\/api.w.org\/{rel}","templated":true}]}}