{"id":3156,"date":"2023-05-14T18:20:09","date_gmt":"2023-05-14T16:20:09","guid":{"rendered":"https:\/\/agora.xtec.cat\/escolaprovencana\/?p=3156"},"modified":"2023-05-15T13:31:12","modified_gmt":"2023-05-15T11:31:12","slug":"tallers-de-sant-jordi","status":"publish","type":"post","link":"https:\/\/agora.xtec.cat\/escolaprovencana\/infantil\/i3\/tallers-de-sant-jordi\/","title":{"rendered":"Tallers de Sant Jordi"},"content":{"rendered":"<p><iframe loading=\"lazy\" src=\"\/\/player.vimeo.com\/video\/825876596?title=0&amp;amp;byline=0\" width=\"425\" height=\"350\"><\/iframe><\/p>\n<p>Els tallers de Sant Jordi han estat tot un \u00e8xit! Ens ho hem passat d&#8217;all\u00f2 m\u00e9s b\u00e9 amb els nostres companys i companyes de I3, I4 i I5 agrupats en 4 grups internivells. Us deixem un tastet de les diferents activitats de construccions, titelles, dibuix, biblioteca, v\u00eddeo de Sant Jordi&#8230;<\/p>\n<p>&nbsp;<\/p>\n","protected":false},"excerpt":{"rendered":"<p>Els tallers de Sant Jordi han estat tot un \u00e8xit! Ens ho hem passat d&#8217;all\u00f2 m\u00e9s b\u00e9 amb els nostres companys i companyes de I3, I4 i I5 agrupats en 4 grups internivells. Us deixem un tastet de les diferents activitats de construccions, titelles, dibuix,&hellip;  <a href=\"https:\/\/agora.xtec.cat\/escolaprovencana\/infantil\/i3\/tallers-de-sant-jordi\/\" title=\"Read Tallers de Sant Jordi\">Llegeix m\u00e9s\u00bb<\/a><\/p>\n","protected":false},"author":31,"featured_media":3162,"comment_status":"closed","ping_status":"closed","sticky":false,"template":"","format":"standard","meta":{"_bbp_topic_count":0,"_bbp_reply_count":0,"_bbp_total_topic_count":0,"_bbp_total_reply_count":0,"_bbp_voice_count":0,"_bbp_anonymous_reply_count":0,"_bbp_topic_count_hidden":0,"_bbp_reply_count_hidden":0,"_bbp_forum_subforum_count":0,"footnotes":""},"categories":[3,8,9],"tags":[],"class_list":["post-3156","post","type-post","status-publish","format-standard","has-post-thumbnail","hentry","category-i3","category-i4","category-i5"],"post_mailing_queue_ids":[],"_links":{"self":[{"href":"https:\/\/agora.xtec.cat\/escolaprovencana\/wp-json\/wp\/v2\/posts\/3156","targetHints":{"allow":["GET"]}}],"collection":[{"href":"https:\/\/agora.xtec.cat\/escolaprovencana\/wp-json\/wp\/v2\/posts"}],"about":[{"href":"https:\/\/agora.xtec.cat\/escolaprovencana\/wp-json\/wp\/v2\/types\/post"}],"author":[{"embeddable":true,"href":"https:\/\/agora.xtec.cat\/escolaprovencana\/wp-json\/wp\/v2\/users\/31"}],"replies":[{"embeddable":true,"href":"https:\/\/agora.xtec.cat\/escolaprovencana\/wp-json\/wp\/v2\/comments?post=3156"}],"version-history":[{"count":3,"href":"https:\/\/agora.xtec.cat\/escolaprovencana\/wp-json\/wp\/v2\/posts\/3156\/revisions"}],"predecessor-version":[{"id":3160,"href":"https:\/\/agora.xtec.cat\/escolaprovencana\/wp-json\/wp\/v2\/posts\/3156\/revisions\/3160"}],"wp:featuredmedia":[{"embeddable":true,"href":"https:\/\/agora.xtec.cat\/escolaprovencana\/wp-json\/wp\/v2\/media\/3162"}],"wp:attachment":[{"href":"https:\/\/agora.xtec.cat\/escolaprovencana\/wp-json\/wp\/v2\/media?parent=3156"}],"wp:term":[{"taxonomy":"category","embeddable":true,"href":"https:\/\/agora.xtec.cat\/escolaprovencana\/wp-json\/wp\/v2\/categories?post=3156"},{"taxonomy":"post_tag","embeddable":true,"href":"https:\/\/agora.xtec.cat\/escolaprovencana\/wp-json\/wp\/v2\/tags?post=3156"}],"curies":[{"name":"wp","href":"https:\/\/api.w.org\/{rel}","templated":true}]}}