{"id":3109,"date":"2023-04-26T12:03:30","date_gmt":"2023-04-26T10:03:30","guid":{"rendered":"https:\/\/agora.xtec.cat\/escolaprovencana\/?p=3109"},"modified":"2023-04-26T12:03:30","modified_gmt":"2023-04-26T10:03:30","slug":"sant-jordi-2023","status":"publish","type":"post","link":"https:\/\/agora.xtec.cat\/escolaprovencana\/primaria\/6e\/sant-jordi-2023\/","title":{"rendered":"Sant Jordi 2023"},"content":{"rendered":"<p>Aquest any hem celebrat la diada de Sant Jordi amb un munt d&#8217;activitats. Hem treballat autores catalanes com la Maite Carranza i l&#8217;Anna Mans\u00f3, i a la vegada que hem preparat una exposici\u00f3 que ha estat tot un \u00e8xit.<\/p>\n<p>A la vegada, dins l&#8217;horari de menjador, els nostre alumnes\u00a0 han organitzat una obra de teatre, per explicar una versi\u00f3 diferent de la llegenda de Sant Jordi, als m\u00e9s menuts de l&#8217;escola.<\/p>\n<p>Gr\u00e0cies a totes les fam\u00edlies de l&#8217;escola per la gran aflu\u00e8ncia de gent a l&#8217;exposici\u00f3 i poder veure alguns dels treballs realitzats pels vostres nens i nenes.<\/p>\n<p><a href=\"https:\/\/agora.xtec.cat\/escolaprovencana\/wp-content\/uploads\/usu2442\/2023\/04\/Disseny-sense-titol-2.jpg\"><img loading=\"lazy\" decoding=\"async\" class=\"alignnone size-large wp-image-3115\" src=\"https:\/\/agora.xtec.cat\/escolaprovencana\/wp-content\/uploads\/usu2442\/2023\/04\/Disseny-sense-titol-2-1024x576.jpg\" alt=\"\" width=\"1024\" height=\"576\" srcset=\"https:\/\/agora.xtec.cat\/escolaprovencana\/wp-content\/uploads\/usu2442\/2023\/04\/Disseny-sense-titol-2-1024x576.jpg 1024w, https:\/\/agora.xtec.cat\/escolaprovencana\/wp-content\/uploads\/usu2442\/2023\/04\/Disseny-sense-titol-2-300x169.jpg 300w, https:\/\/agora.xtec.cat\/escolaprovencana\/wp-content\/uploads\/usu2442\/2023\/04\/Disseny-sense-titol-2-768x432.jpg 768w, https:\/\/agora.xtec.cat\/escolaprovencana\/wp-content\/uploads\/usu2442\/2023\/04\/Disseny-sense-titol-2-1536x864.jpg 1536w, https:\/\/agora.xtec.cat\/escolaprovencana\/wp-content\/uploads\/usu2442\/2023\/04\/Disseny-sense-titol-2.jpg 1920w\" sizes=\"auto, (max-width: 1024px) 100vw, 1024px\" \/><\/a><\/p>\n","protected":false},"excerpt":{"rendered":"<p>Aquest any hem celebrat la diada de Sant Jordi amb un munt d&#8217;activitats. Hem treballat autores catalanes com la Maite Carranza i l&#8217;Anna Mans\u00f3, i a la vegada que hem preparat una exposici\u00f3 que ha estat tot un \u00e8xit.<br \/>\nA la vegada, dins l&#8217;horari de menjador,&hellip;  <a href=\"https:\/\/agora.xtec.cat\/escolaprovencana\/primaria\/6e\/sant-jordi-2023\/\" title=\"Read Sant Jordi 2023\">Llegeix m\u00e9s\u00bb<\/a><\/p>\n","protected":false},"author":10,"featured_media":0,"comment_status":"open","ping_status":"closed","sticky":false,"template":"","format":"standard","meta":{"_bbp_topic_count":0,"_bbp_reply_count":0,"_bbp_total_topic_count":0,"_bbp_total_reply_count":0,"_bbp_voice_count":0,"_bbp_anonymous_reply_count":0,"_bbp_topic_count_hidden":0,"_bbp_reply_count_hidden":0,"_bbp_forum_subforum_count":0,"footnotes":""},"categories":[15],"tags":[],"class_list":["post-3109","post","type-post","status-publish","format-standard","hentry","category-6e"],"post_mailing_queue_ids":[],"_links":{"self":[{"href":"https:\/\/agora.xtec.cat\/escolaprovencana\/wp-json\/wp\/v2\/posts\/3109","targetHints":{"allow":["GET"]}}],"collection":[{"href":"https:\/\/agora.xtec.cat\/escolaprovencana\/wp-json\/wp\/v2\/posts"}],"about":[{"href":"https:\/\/agora.xtec.cat\/escolaprovencana\/wp-json\/wp\/v2\/types\/post"}],"author":[{"embeddable":true,"href":"https:\/\/agora.xtec.cat\/escolaprovencana\/wp-json\/wp\/v2\/users\/10"}],"replies":[{"embeddable":true,"href":"https:\/\/agora.xtec.cat\/escolaprovencana\/wp-json\/wp\/v2\/comments?post=3109"}],"version-history":[{"count":1,"href":"https:\/\/agora.xtec.cat\/escolaprovencana\/wp-json\/wp\/v2\/posts\/3109\/revisions"}],"predecessor-version":[{"id":3116,"href":"https:\/\/agora.xtec.cat\/escolaprovencana\/wp-json\/wp\/v2\/posts\/3109\/revisions\/3116"}],"wp:attachment":[{"href":"https:\/\/agora.xtec.cat\/escolaprovencana\/wp-json\/wp\/v2\/media?parent=3109"}],"wp:term":[{"taxonomy":"category","embeddable":true,"href":"https:\/\/agora.xtec.cat\/escolaprovencana\/wp-json\/wp\/v2\/categories?post=3109"},{"taxonomy":"post_tag","embeddable":true,"href":"https:\/\/agora.xtec.cat\/escolaprovencana\/wp-json\/wp\/v2\/tags?post=3109"}],"curies":[{"name":"wp","href":"https:\/\/api.w.org\/{rel}","templated":true}]}}