{"id":3014,"date":"2023-03-29T21:55:06","date_gmt":"2023-03-29T19:55:06","guid":{"rendered":"https:\/\/agora.xtec.cat\/escolaprovencana\/?p=3014"},"modified":"2023-03-30T10:20:48","modified_gmt":"2023-03-30T08:20:48","slug":"projecte-del-nom-de-la-classe-tabalets","status":"publish","type":"post","link":"https:\/\/agora.xtec.cat\/escolaprovencana\/infantil\/i3\/projecte-del-nom-de-la-classe-tabalets\/","title":{"rendered":"Projecte del nom de la classe: TABALETS"},"content":{"rendered":"<p>Durant aquest mes de Mar\u00e7 hem tingut el plaer de gaudir de totes les respostes a les preguntes que ens hav\u00edem fet sobre els tabalets. Cadasc\u00fa ha portat alguna feineta explicant curiositats molt interessants. Us posem un recull d&#8217;aquestes i tamb\u00e9 teniu a la vostra disposici\u00f3 un padlet amb totes les aportacions fetes i explicades i amb m\u00e9s recursos sobre els tabalets.<br \/>\nDurant el tercer trimestre anirem afegint m\u00e9s coses segons anem descobrint i treballant a l&#8217;aula.<br \/>\nMoltes gr\u00e0cies a totes les fam\u00edlies per la vostra col.col\u00b7laboraci\u00f3 i les aportacions fetes \ud83d\ude42<br \/>\n<a href=\"https:\/\/agora.xtec.cat\/escolaprovencana\/wp-content\/uploads\/usu2442\/2023\/03\/IMG_0896.jpg\"><img loading=\"lazy\" decoding=\"async\" src=\"https:\/\/agora.xtec.cat\/escolaprovencana\/wp-content\/uploads\/usu2442\/2023\/03\/IMG_0896-1024x768.jpg\" alt=\"\" width=\"1024\" height=\"768\" class=\"alignnone size-large wp-image-3023\" srcset=\"https:\/\/agora.xtec.cat\/escolaprovencana\/wp-content\/uploads\/usu2442\/2023\/03\/IMG_0896-1024x768.jpg 1024w, https:\/\/agora.xtec.cat\/escolaprovencana\/wp-content\/uploads\/usu2442\/2023\/03\/IMG_0896-300x225.jpg 300w, https:\/\/agora.xtec.cat\/escolaprovencana\/wp-content\/uploads\/usu2442\/2023\/03\/IMG_0896-768x576.jpg 768w, https:\/\/agora.xtec.cat\/escolaprovencana\/wp-content\/uploads\/usu2442\/2023\/03\/IMG_0896-1536x1152.jpg 1536w, https:\/\/agora.xtec.cat\/escolaprovencana\/wp-content\/uploads\/usu2442\/2023\/03\/IMG_0896-200x150.jpg 200w, https:\/\/agora.xtec.cat\/escolaprovencana\/wp-content\/uploads\/usu2442\/2023\/03\/IMG_0896.jpg 2016w\" sizes=\"auto, (max-width: 1024px) 100vw, 1024px\" \/><\/a><br \/>\n<iframe loading=\"lazy\" src=\"https:\/\/player.vimeo.com\/video\/812947132?h=18abf32aa1\" width=\"640\" height=\"564\" frameborder=\"0\"><\/iframe><\/p>\n<div class=\"padlet-embed\" style=\"border-radius:2px;overflow:hidden;width:100%;background:#F4F4F4\">\n<p style=\"padding:0;margin:0\"><iframe src=\"https:\/\/padlet.com\/embed\/x1fx1pkkiht6ml7c\" frameborder=\"0\" style=\"width:100%;height:608px;padding:0;margin:0\"><\/iframe><\/p>\n<div style=\"align-items:center;justify-content:end;margin:0;height:28px\"><a href=\"https:\/\/padlet.com?ref=embed\" style=\"flex-grow:0;margin:0;border:none;padding:0;text-decoration:none\" target=\"_blank\" rel=\"noopener\"><\/p>\n<div style=\"align-items:center\"><img loading=\"lazy\" decoding=\"async\" src=\"https:\/\/padlet.net\/embeds\/made_with_padlet_2022.png\" width=\"114\" height=\"28\" style=\"padding:0;margin:0;background:0 0;border:none\" alt=\"Fet amb Padlet\"><\/div>\n<p><\/a><\/div>\n<\/div>\n","protected":false},"excerpt":{"rendered":"<p>Durant aquest mes de Mar\u00e7 hem tingut el plaer de gaudir de totes les respostes a les preguntes que ens hav\u00edem fet sobre els tabalets. Cadasc\u00fa ha portat alguna feineta explicant curiositats molt interessants. Us posem un recull d&#8217;aquestes i tamb\u00e9 teniu a la vostra&hellip;  <a href=\"https:\/\/agora.xtec.cat\/escolaprovencana\/infantil\/i3\/projecte-del-nom-de-la-classe-tabalets\/\" title=\"Read Projecte del nom de la classe: TABALETS\">Llegeix m\u00e9s\u00bb<\/a><\/p>\n","protected":false},"author":16,"featured_media":3023,"comment_status":"closed","ping_status":"closed","sticky":false,"template":"","format":"standard","meta":{"_bbp_topic_count":0,"_bbp_reply_count":0,"_bbp_total_topic_count":0,"_bbp_total_reply_count":0,"_bbp_voice_count":0,"_bbp_anonymous_reply_count":0,"_bbp_topic_count_hidden":0,"_bbp_reply_count_hidden":0,"_bbp_forum_subforum_count":0,"footnotes":""},"categories":[3],"tags":[],"class_list":["post-3014","post","type-post","status-publish","format-standard","has-post-thumbnail","hentry","category-i3"],"post_mailing_queue_ids":[],"_links":{"self":[{"href":"https:\/\/agora.xtec.cat\/escolaprovencana\/wp-json\/wp\/v2\/posts\/3014","targetHints":{"allow":["GET"]}}],"collection":[{"href":"https:\/\/agora.xtec.cat\/escolaprovencana\/wp-json\/wp\/v2\/posts"}],"about":[{"href":"https:\/\/agora.xtec.cat\/escolaprovencana\/wp-json\/wp\/v2\/types\/post"}],"author":[{"embeddable":true,"href":"https:\/\/agora.xtec.cat\/escolaprovencana\/wp-json\/wp\/v2\/users\/16"}],"replies":[{"embeddable":true,"href":"https:\/\/agora.xtec.cat\/escolaprovencana\/wp-json\/wp\/v2\/comments?post=3014"}],"version-history":[{"count":3,"href":"https:\/\/agora.xtec.cat\/escolaprovencana\/wp-json\/wp\/v2\/posts\/3014\/revisions"}],"predecessor-version":[{"id":3024,"href":"https:\/\/agora.xtec.cat\/escolaprovencana\/wp-json\/wp\/v2\/posts\/3014\/revisions\/3024"}],"wp:featuredmedia":[{"embeddable":true,"href":"https:\/\/agora.xtec.cat\/escolaprovencana\/wp-json\/wp\/v2\/media\/3023"}],"wp:attachment":[{"href":"https:\/\/agora.xtec.cat\/escolaprovencana\/wp-json\/wp\/v2\/media?parent=3014"}],"wp:term":[{"taxonomy":"category","embeddable":true,"href":"https:\/\/agora.xtec.cat\/escolaprovencana\/wp-json\/wp\/v2\/categories?post=3014"},{"taxonomy":"post_tag","embeddable":true,"href":"https:\/\/agora.xtec.cat\/escolaprovencana\/wp-json\/wp\/v2\/tags?post=3014"}],"curies":[{"name":"wp","href":"https:\/\/api.w.org\/{rel}","templated":true}]}}