{"id":2948,"date":"2023-03-09T20:38:39","date_gmt":"2023-03-09T19:38:39","guid":{"rendered":"https:\/\/agora.xtec.cat\/escolaprovencana\/?p=2948"},"modified":"2023-03-15T14:57:00","modified_gmt":"2023-03-15T13:57:00","slug":"carnestoltes-4","status":"publish","type":"post","link":"https:\/\/agora.xtec.cat\/escolaprovencana\/infantil\/carnestoltes-4\/","title":{"rendered":"CARNESTOLTES"},"content":{"rendered":"<p>Bona tarda, fam\u00edlies! Com sabeu vam celebrar dijous gras i carnestoltes a l&#8217;escola, i els nens i nenes van gaudir molt amb les seves disfresses desfilant pel barri acompanyats de vosaltres i dels seus padrins i padrines. Va ser genial el gran esfor\u00e7 i la imaginaci\u00f3 que heu posat a les seves disfresses i el gran ambient festiu que es va crear. De segur que els nens i nenes recordaran aquesta celebraci\u00f3 per molt de temps! Aqu\u00ed us deixem l&#8217;enlla\u00e7 on trobareu un tastet de com ho van passar!<\/p>\n<p><iframe loading=\"lazy\" src=\"https:\/\/player.vimeo.com\/video\/808245397?h=527d246254\" width=\"640\" height=\"564\" frameborder=\"0\"><\/iframe><\/p>\n","protected":false},"excerpt":{"rendered":"<p>Bona tarda, fam\u00edlies! Com sabeu vam celebrar dijous gras i carnestoltes a l&#8217;escola, i els nens i nenes van gaudir molt amb les seves disfresses desfilant pel barri acompanyats de vosaltres i dels seus padrins i padrines. Va ser genial el gran esfor\u00e7 i la&hellip;  <a href=\"https:\/\/agora.xtec.cat\/escolaprovencana\/infantil\/carnestoltes-4\/\" title=\"Read CARNESTOLTES\">Llegeix m\u00e9s\u00bb<\/a><\/p>\n","protected":false},"author":1,"featured_media":2972,"comment_status":"closed","ping_status":"closed","sticky":false,"template":"","format":"standard","meta":{"_bbp_topic_count":0,"_bbp_reply_count":0,"_bbp_total_topic_count":0,"_bbp_total_reply_count":0,"_bbp_voice_count":0,"_bbp_anonymous_reply_count":0,"_bbp_topic_count_hidden":0,"_bbp_reply_count_hidden":0,"_bbp_forum_subforum_count":0,"footnotes":""},"categories":[3,8,9,2],"tags":[],"class_list":["post-2948","post","type-post","status-publish","format-standard","has-post-thumbnail","hentry","category-i3","category-i4","category-i5","category-infantil"],"post_mailing_queue_ids":[],"_links":{"self":[{"href":"https:\/\/agora.xtec.cat\/escolaprovencana\/wp-json\/wp\/v2\/posts\/2948","targetHints":{"allow":["GET"]}}],"collection":[{"href":"https:\/\/agora.xtec.cat\/escolaprovencana\/wp-json\/wp\/v2\/posts"}],"about":[{"href":"https:\/\/agora.xtec.cat\/escolaprovencana\/wp-json\/wp\/v2\/types\/post"}],"author":[{"embeddable":true,"href":"https:\/\/agora.xtec.cat\/escolaprovencana\/wp-json\/wp\/v2\/users\/1"}],"replies":[{"embeddable":true,"href":"https:\/\/agora.xtec.cat\/escolaprovencana\/wp-json\/wp\/v2\/comments?post=2948"}],"version-history":[{"count":2,"href":"https:\/\/agora.xtec.cat\/escolaprovencana\/wp-json\/wp\/v2\/posts\/2948\/revisions"}],"predecessor-version":[{"id":2964,"href":"https:\/\/agora.xtec.cat\/escolaprovencana\/wp-json\/wp\/v2\/posts\/2948\/revisions\/2964"}],"wp:featuredmedia":[{"embeddable":true,"href":"https:\/\/agora.xtec.cat\/escolaprovencana\/wp-json\/wp\/v2\/media\/2972"}],"wp:attachment":[{"href":"https:\/\/agora.xtec.cat\/escolaprovencana\/wp-json\/wp\/v2\/media?parent=2948"}],"wp:term":[{"taxonomy":"category","embeddable":true,"href":"https:\/\/agora.xtec.cat\/escolaprovencana\/wp-json\/wp\/v2\/categories?post=2948"},{"taxonomy":"post_tag","embeddable":true,"href":"https:\/\/agora.xtec.cat\/escolaprovencana\/wp-json\/wp\/v2\/tags?post=2948"}],"curies":[{"name":"wp","href":"https:\/\/api.w.org\/{rel}","templated":true}]}}