{"id":2921,"date":"2023-03-01T13:42:56","date_gmt":"2023-03-01T12:42:56","guid":{"rendered":"https:\/\/agora.xtec.cat\/escolaprovencana\/?p=2921"},"modified":"2023-03-03T16:22:28","modified_gmt":"2023-03-03T15:22:28","slug":"espais-de-lliure-circulacio-al-febrer","status":"publish","type":"post","link":"https:\/\/agora.xtec.cat\/escolaprovencana\/infantil\/i3\/espais-de-lliure-circulacio-al-febrer\/","title":{"rendered":"Espais de lliure circulaci\u00f3 al Febrer"},"content":{"rendered":"<p>Durant aquest mes de Febrer hem aprofitat que celebr\u00e0vem el Carnaval per fer un espai de disfresses i pintura a joc simb\u00f2lic.<br \/>\nTamb\u00e9 hem tingut les construccions sensorials a la taula de llum i uns grafismes per fer amb pedretes brilants amb la llum negra.<br \/>\nA l&#8217;espai d&#8217;experimentaci\u00f3 hem creat una taula dels tabalets i hem treballat el comptatge amb les pastanagues, un minim\u00f3n de conillets i una taula de sorra recreant les pedres i l&#8217;herba.<br \/>\nA l&#8217;espai de pl\u00e0stica hem pintat amb pinces i pompons i amb pinzells per crear un mural de tabalets.<br \/>\nA les construccions hem tingut gots i peces de cartr\u00f3 per crear lliurement.<br \/>\nA la biblioteca hem jugat i recreat el conte del Tabalet amb unes titelles fetes amb mitjons.<br \/>\nA l&#8217;espai de taula hem anat variant amb diferents propostes: decorar m\u00e0scares de carnaval i treballar el nostre nom amb diferents materials.<br \/>\nUs deixem un petit recull de fotografies per poder veure-les plegats.<\/p>\n<p><iframe loading=\"lazy\" src=\"https:\/\/player.vimeo.com\/video\/804334599?h=4a4e4a0fd6\" width=\"640\" height=\"564\" frameborder=\"0\"><\/iframe><\/p>\n","protected":false},"excerpt":{"rendered":"<p>Durant aquest mes de Febrer hem aprofitat que celebr\u00e0vem el Carnaval per fer un espai de disfresses i pintura a joc simb\u00f2lic.<br \/>\nTamb\u00e9 hem tingut les construccions sensorials a la taula de llum i uns grafismes per fer amb pedretes brilants amb la llum negra.<br \/>\nA l&#8217;espai&hellip;  <a href=\"https:\/\/agora.xtec.cat\/escolaprovencana\/infantil\/i3\/espais-de-lliure-circulacio-al-febrer\/\" title=\"Read Espais de lliure circulaci\u00f3 al Febrer\">Llegeix m\u00e9s\u00bb<\/a><\/p>\n","protected":false},"author":16,"featured_media":2925,"comment_status":"closed","ping_status":"closed","sticky":false,"template":"","format":"standard","meta":{"_bbp_topic_count":0,"_bbp_reply_count":0,"_bbp_total_topic_count":0,"_bbp_total_reply_count":0,"_bbp_voice_count":0,"_bbp_anonymous_reply_count":0,"_bbp_topic_count_hidden":0,"_bbp_reply_count_hidden":0,"_bbp_forum_subforum_count":0,"footnotes":""},"categories":[3],"tags":[],"class_list":["post-2921","post","type-post","status-publish","format-standard","has-post-thumbnail","hentry","category-i3"],"post_mailing_queue_ids":[],"_links":{"self":[{"href":"https:\/\/agora.xtec.cat\/escolaprovencana\/wp-json\/wp\/v2\/posts\/2921","targetHints":{"allow":["GET"]}}],"collection":[{"href":"https:\/\/agora.xtec.cat\/escolaprovencana\/wp-json\/wp\/v2\/posts"}],"about":[{"href":"https:\/\/agora.xtec.cat\/escolaprovencana\/wp-json\/wp\/v2\/types\/post"}],"author":[{"embeddable":true,"href":"https:\/\/agora.xtec.cat\/escolaprovencana\/wp-json\/wp\/v2\/users\/16"}],"replies":[{"embeddable":true,"href":"https:\/\/agora.xtec.cat\/escolaprovencana\/wp-json\/wp\/v2\/comments?post=2921"}],"version-history":[{"count":3,"href":"https:\/\/agora.xtec.cat\/escolaprovencana\/wp-json\/wp\/v2\/posts\/2921\/revisions"}],"predecessor-version":[{"id":2941,"href":"https:\/\/agora.xtec.cat\/escolaprovencana\/wp-json\/wp\/v2\/posts\/2921\/revisions\/2941"}],"wp:featuredmedia":[{"embeddable":true,"href":"https:\/\/agora.xtec.cat\/escolaprovencana\/wp-json\/wp\/v2\/media\/2925"}],"wp:attachment":[{"href":"https:\/\/agora.xtec.cat\/escolaprovencana\/wp-json\/wp\/v2\/media?parent=2921"}],"wp:term":[{"taxonomy":"category","embeddable":true,"href":"https:\/\/agora.xtec.cat\/escolaprovencana\/wp-json\/wp\/v2\/categories?post=2921"},{"taxonomy":"post_tag","embeddable":true,"href":"https:\/\/agora.xtec.cat\/escolaprovencana\/wp-json\/wp\/v2\/tags?post=2921"}],"curies":[{"name":"wp","href":"https:\/\/api.w.org\/{rel}","templated":true}]}}