{"id":2833,"date":"2023-02-08T13:51:12","date_gmt":"2023-02-08T12:51:12","guid":{"rendered":"https:\/\/agora.xtec.cat\/escolaprovencana\/?p=2833"},"modified":"2023-02-08T19:58:37","modified_gmt":"2023-02-08T18:58:37","slug":"fem-teatre-2","status":"publish","type":"post","link":"https:\/\/agora.xtec.cat\/escolaprovencana\/infantil\/i5\/fem-teatre-2\/","title":{"rendered":"FEM TEATRE"},"content":{"rendered":"<p>Dijous 27 de gener vam comen\u00e7ar la primera sessi\u00f3 de teatre i ens va agradar molt. Cada dijous farem teatre i en total farem 5 sessions. Us deixem en el seg\u00fcent enlla\u00e7 un recull dels millors moments.<\/p>\n<p><a href=\"https:\/\/drive.google.com\/drive\/folders\/1kXVu-br5lt6tKW5hbzPS1MisQnn4VNpt?usp=share_link\">https:\/\/drive.google.com\/drive\/folders\/1kXVu-br5lt6tKW5hbzPS1MisQnn4VNpt?usp=share_link<\/a><\/p>\n","protected":false},"excerpt":{"rendered":"<p>Dijous 27 de gener vam comen\u00e7ar la primera sessi\u00f3 de teatre i ens va agradar molt. Cada dijous farem teatre i en total farem 5 sessions. Us deixem en el seg\u00fcent enlla\u00e7 un recull dels millors moments.<br \/>\n<a href=\"https:\/\/drive.google.com\/drive\/folders\/1kXVu-br5lt6tKW5hbzPS1MisQnn4VNpt?usp=share_link\">https:\/\/drive.google.com\/drive\/folders\/1kXVu-br5lt6tKW5hbzPS1MisQnn4VNpt?usp=share_link<\/a><\/p>\n","protected":false},"author":1,"featured_media":0,"comment_status":"closed","ping_status":"closed","sticky":false,"template":"","format":"standard","meta":{"_bbp_topic_count":0,"_bbp_reply_count":0,"_bbp_total_topic_count":0,"_bbp_total_reply_count":0,"_bbp_voice_count":0,"_bbp_anonymous_reply_count":0,"_bbp_topic_count_hidden":0,"_bbp_reply_count_hidden":0,"_bbp_forum_subforum_count":0,"footnotes":""},"categories":[9],"tags":[],"class_list":["post-2833","post","type-post","status-publish","format-standard","hentry","category-i5"],"post_mailing_queue_ids":[],"_links":{"self":[{"href":"https:\/\/agora.xtec.cat\/escolaprovencana\/wp-json\/wp\/v2\/posts\/2833","targetHints":{"allow":["GET"]}}],"collection":[{"href":"https:\/\/agora.xtec.cat\/escolaprovencana\/wp-json\/wp\/v2\/posts"}],"about":[{"href":"https:\/\/agora.xtec.cat\/escolaprovencana\/wp-json\/wp\/v2\/types\/post"}],"author":[{"embeddable":true,"href":"https:\/\/agora.xtec.cat\/escolaprovencana\/wp-json\/wp\/v2\/users\/1"}],"replies":[{"embeddable":true,"href":"https:\/\/agora.xtec.cat\/escolaprovencana\/wp-json\/wp\/v2\/comments?post=2833"}],"version-history":[{"count":3,"href":"https:\/\/agora.xtec.cat\/escolaprovencana\/wp-json\/wp\/v2\/posts\/2833\/revisions"}],"predecessor-version":[{"id":2870,"href":"https:\/\/agora.xtec.cat\/escolaprovencana\/wp-json\/wp\/v2\/posts\/2833\/revisions\/2870"}],"wp:attachment":[{"href":"https:\/\/agora.xtec.cat\/escolaprovencana\/wp-json\/wp\/v2\/media?parent=2833"}],"wp:term":[{"taxonomy":"category","embeddable":true,"href":"https:\/\/agora.xtec.cat\/escolaprovencana\/wp-json\/wp\/v2\/categories?post=2833"},{"taxonomy":"post_tag","embeddable":true,"href":"https:\/\/agora.xtec.cat\/escolaprovencana\/wp-json\/wp\/v2\/tags?post=2833"}],"curies":[{"name":"wp","href":"https:\/\/api.w.org\/{rel}","templated":true}]}}