{"id":2795,"date":"2023-02-07T15:18:26","date_gmt":"2023-02-07T14:18:26","guid":{"rendered":"https:\/\/agora.xtec.cat\/escolaprovencana\/?p=2795"},"modified":"2023-02-28T10:03:04","modified_gmt":"2023-02-28T09:03:04","slug":"sortida-al-cosmocaixa","status":"publish","type":"post","link":"https:\/\/agora.xtec.cat\/escolaprovencana\/primaria\/6e\/sortida-al-cosmocaixa\/","title":{"rendered":"Sortida al Cosmocaixa"},"content":{"rendered":"<p>La classe de 6\u00e8, junt amb la classe de 5\u00e8, v\u00e0rem visitar el CosmoCaixa. Vam gaudir d&#8217;una experi\u00e8ncia incre\u00efble, recorrent els diferents espais del museu. Per acabar v\u00e0rem poder observar amb microscopis i lupes, c\u00e8l\u00b7lules animals i vegetals, i \u00e9ssers unicel\u00b7lulars com protozous i bacteris, i on els nostres alumnes van mostrar tots els coneixements obtinguts de l&#8217;\u00faltim projecte realitzat a l&#8217;aula.<\/p>\n<p>Una gran jornada molt profitosa per a tothom!<\/p>\n<p><a href=\"https:\/\/agora.xtec.cat\/escolaprovencana\/wp-content\/uploads\/usu2442\/2023\/02\/Fotografies-del-CosmoCaixa.pdf\">Fotografies del CosmoCaixa<\/a><\/p>\n","protected":false},"excerpt":{"rendered":"<p>La classe de 6\u00e8, junt amb la classe de 5\u00e8, v\u00e0rem visitar el CosmoCaixa. Vam gaudir d&#8217;una experi\u00e8ncia incre\u00efble, recorrent els diferents espais del museu. Per acabar v\u00e0rem poder observar amb microscopis i lupes, c\u00e8l\u00b7lules animals i vegetals, i \u00e9ssers unicel\u00b7lulars com protozous i bacteris,&hellip;  <a href=\"https:\/\/agora.xtec.cat\/escolaprovencana\/primaria\/6e\/sortida-al-cosmocaixa\/\" title=\"Read Sortida al Cosmocaixa\">Llegeix m\u00e9s\u00bb<\/a><\/p>\n","protected":false},"author":10,"featured_media":0,"comment_status":"closed","ping_status":"closed","sticky":false,"template":"","format":"standard","meta":{"_bbp_topic_count":0,"_bbp_reply_count":0,"_bbp_total_topic_count":0,"_bbp_total_reply_count":0,"_bbp_voice_count":0,"_bbp_anonymous_reply_count":0,"_bbp_topic_count_hidden":0,"_bbp_reply_count_hidden":0,"_bbp_forum_subforum_count":0,"footnotes":""},"categories":[15],"tags":[],"class_list":["post-2795","post","type-post","status-publish","format-standard","hentry","category-6e"],"post_mailing_queue_ids":[],"_links":{"self":[{"href":"https:\/\/agora.xtec.cat\/escolaprovencana\/wp-json\/wp\/v2\/posts\/2795","targetHints":{"allow":["GET"]}}],"collection":[{"href":"https:\/\/agora.xtec.cat\/escolaprovencana\/wp-json\/wp\/v2\/posts"}],"about":[{"href":"https:\/\/agora.xtec.cat\/escolaprovencana\/wp-json\/wp\/v2\/types\/post"}],"author":[{"embeddable":true,"href":"https:\/\/agora.xtec.cat\/escolaprovencana\/wp-json\/wp\/v2\/users\/10"}],"replies":[{"embeddable":true,"href":"https:\/\/agora.xtec.cat\/escolaprovencana\/wp-json\/wp\/v2\/comments?post=2795"}],"version-history":[{"count":3,"href":"https:\/\/agora.xtec.cat\/escolaprovencana\/wp-json\/wp\/v2\/posts\/2795\/revisions"}],"predecessor-version":[{"id":2801,"href":"https:\/\/agora.xtec.cat\/escolaprovencana\/wp-json\/wp\/v2\/posts\/2795\/revisions\/2801"}],"wp:attachment":[{"href":"https:\/\/agora.xtec.cat\/escolaprovencana\/wp-json\/wp\/v2\/media?parent=2795"}],"wp:term":[{"taxonomy":"category","embeddable":true,"href":"https:\/\/agora.xtec.cat\/escolaprovencana\/wp-json\/wp\/v2\/categories?post=2795"},{"taxonomy":"post_tag","embeddable":true,"href":"https:\/\/agora.xtec.cat\/escolaprovencana\/wp-json\/wp\/v2\/tags?post=2795"}],"curies":[{"name":"wp","href":"https:\/\/api.w.org\/{rel}","templated":true}]}}