{"id":2759,"date":"2023-01-27T20:25:04","date_gmt":"2023-01-27T19:25:04","guid":{"rendered":"https:\/\/agora.xtec.cat\/escolaprovencana\/?p=2759"},"modified":"2023-02-28T09:30:55","modified_gmt":"2023-02-28T08:30:55","slug":"divendres-27-01-2023","status":"publish","type":"post","link":"https:\/\/agora.xtec.cat\/escolaprovencana\/primaria\/1r\/divendres-27-01-2023\/","title":{"rendered":"DIVENDRES 27\/01\/2023"},"content":{"rendered":"<p>Avui la classe dels Conills hem tingut un dia ple d&#8217;emocions!<\/p>\n<p>Al mat\u00ed, ens han visitat per contar-nos la hist\u00f2ria d&#8217;Alad\u00ed. A m\u00e9s, a la tarda, hem rebut la visita de l&#8217;avi d&#8217;una alumna perqu\u00e8 ens explicar\u00e0 el que \u00e9s el braille i ens han repartit l&#8217;alfabet per con\u00e8ixer les lletres com ells les coneixen i un regle per a cadasc\u00fa.<\/p>\n<p>La veritat que han gaudit molt! Esperem que us animeu i participeu compartint una petita hist\u00f2ria amb els nostres conills!<\/p>\n<p>Aqu\u00ed us deixem unes fotos que ho demostren.<\/p>\n<p>Ana i Mikel<\/p>\n<p><a href=\"https:\/\/agora.xtec.cat\/escolaprovencana\/wp-content\/uploads\/usu2442\/2023\/01\/Historia-Instagram-Resumen-2022-Fin-de-ano-Wrapped-Collage-Scrapbook-Fotos-Minimalista-Pastel-1.png\"><img loading=\"lazy\" decoding=\"async\" class=\"alignnone size-large wp-image-2760\" src=\"https:\/\/agora.xtec.cat\/escolaprovencana\/wp-content\/uploads\/usu2442\/2023\/01\/Historia-Instagram-Resumen-2022-Fin-de-ano-Wrapped-Collage-Scrapbook-Fotos-Minimalista-Pastel-1-576x1024.png\" alt=\"\" width=\"576\" height=\"1024\" srcset=\"https:\/\/agora.xtec.cat\/escolaprovencana\/wp-content\/uploads\/usu2442\/2023\/01\/Historia-Instagram-Resumen-2022-Fin-de-ano-Wrapped-Collage-Scrapbook-Fotos-Minimalista-Pastel-1-576x1024.png 576w, https:\/\/agora.xtec.cat\/escolaprovencana\/wp-content\/uploads\/usu2442\/2023\/01\/Historia-Instagram-Resumen-2022-Fin-de-ano-Wrapped-Collage-Scrapbook-Fotos-Minimalista-Pastel-1-169x300.png 169w, https:\/\/agora.xtec.cat\/escolaprovencana\/wp-content\/uploads\/usu2442\/2023\/01\/Historia-Instagram-Resumen-2022-Fin-de-ano-Wrapped-Collage-Scrapbook-Fotos-Minimalista-Pastel-1-768x1365.png 768w, https:\/\/agora.xtec.cat\/escolaprovencana\/wp-content\/uploads\/usu2442\/2023\/01\/Historia-Instagram-Resumen-2022-Fin-de-ano-Wrapped-Collage-Scrapbook-Fotos-Minimalista-Pastel-1-864x1536.png 864w, https:\/\/agora.xtec.cat\/escolaprovencana\/wp-content\/uploads\/usu2442\/2023\/01\/Historia-Instagram-Resumen-2022-Fin-de-ano-Wrapped-Collage-Scrapbook-Fotos-Minimalista-Pastel-1.png 945w\" sizes=\"auto, (max-width: 576px) 100vw, 576px\" \/><\/a><\/p>\n<p>&nbsp;<\/p>\n","protected":false},"excerpt":{"rendered":"<p>Avui la classe dels Conills hem tingut un dia ple d&#8217;emocions!<br \/>\nAl mat\u00ed, ens han visitat per contar-nos la hist\u00f2ria d&#8217;Alad\u00ed. A m\u00e9s, a la tarda, hem rebut la visita de l&#8217;avi d&#8217;una alumna perqu\u00e8 ens explicar\u00e0 el que \u00e9s el braille i ens han repartit&hellip;  <a href=\"https:\/\/agora.xtec.cat\/escolaprovencana\/primaria\/1r\/divendres-27-01-2023\/\" title=\"Read DIVENDRES 27\/01\/2023\">Llegeix m\u00e9s\u00bb<\/a><\/p>\n","protected":false},"author":1,"featured_media":0,"comment_status":"closed","ping_status":"closed","sticky":false,"template":"","format":"standard","meta":{"_bbp_topic_count":0,"_bbp_reply_count":0,"_bbp_total_topic_count":0,"_bbp_total_reply_count":0,"_bbp_voice_count":0,"_bbp_anonymous_reply_count":0,"_bbp_topic_count_hidden":0,"_bbp_reply_count_hidden":0,"_bbp_forum_subforum_count":0,"footnotes":""},"categories":[10],"tags":[],"class_list":["post-2759","post","type-post","status-publish","format-standard","hentry","category-1r"],"post_mailing_queue_ids":[],"_links":{"self":[{"href":"https:\/\/agora.xtec.cat\/escolaprovencana\/wp-json\/wp\/v2\/posts\/2759","targetHints":{"allow":["GET"]}}],"collection":[{"href":"https:\/\/agora.xtec.cat\/escolaprovencana\/wp-json\/wp\/v2\/posts"}],"about":[{"href":"https:\/\/agora.xtec.cat\/escolaprovencana\/wp-json\/wp\/v2\/types\/post"}],"author":[{"embeddable":true,"href":"https:\/\/agora.xtec.cat\/escolaprovencana\/wp-json\/wp\/v2\/users\/1"}],"replies":[{"embeddable":true,"href":"https:\/\/agora.xtec.cat\/escolaprovencana\/wp-json\/wp\/v2\/comments?post=2759"}],"version-history":[{"count":1,"href":"https:\/\/agora.xtec.cat\/escolaprovencana\/wp-json\/wp\/v2\/posts\/2759\/revisions"}],"predecessor-version":[{"id":2761,"href":"https:\/\/agora.xtec.cat\/escolaprovencana\/wp-json\/wp\/v2\/posts\/2759\/revisions\/2761"}],"wp:attachment":[{"href":"https:\/\/agora.xtec.cat\/escolaprovencana\/wp-json\/wp\/v2\/media?parent=2759"}],"wp:term":[{"taxonomy":"category","embeddable":true,"href":"https:\/\/agora.xtec.cat\/escolaprovencana\/wp-json\/wp\/v2\/categories?post=2759"},{"taxonomy":"post_tag","embeddable":true,"href":"https:\/\/agora.xtec.cat\/escolaprovencana\/wp-json\/wp\/v2\/tags?post=2759"}],"curies":[{"name":"wp","href":"https:\/\/api.w.org\/{rel}","templated":true}]}}