{"id":2588,"date":"2023-01-20T16:27:42","date_gmt":"2023-01-20T15:27:42","guid":{"rendered":"https:\/\/agora.xtec.cat\/escolaprovencana\/?p=2588"},"modified":"2023-01-25T12:09:58","modified_gmt":"2023-01-25T11:09:58","slug":"jornada-de-portes-obertes-2023","status":"publish","type":"post","link":"https:\/\/agora.xtec.cat\/escolaprovencana\/general\/jornada-de-portes-obertes-2023\/","title":{"rendered":"JORNADA DE PORTES OBERTES 2023"},"content":{"rendered":"<p>Les jornades de portes obertes es realitzaran aquest curs de forma <strong>PRESENCIAL<\/strong>. La nostra escola realitzar\u00e0 dues sessions:<\/p>\n<p style=\"text-align: center;\"><strong>DIMARTS 21 DE FEBRER\u00a0 A LES 15:15h <\/strong><\/p>\n<p style=\"text-align: center;\"><strong>DIMECRES 22 DE FEBRER A LES 17:00h<\/strong><\/p>\n<p>Per assistir a les jornades informatives \u00e9s necessari apuntar-se clicant el seg\u00fcent enlla\u00e7:<\/p>\n<p><a href=\"https:\/\/forms.gle\/vB3T3gz7tgPmZZDr8\" target=\"_blank\" rel=\"noopener\"><img loading=\"lazy\" decoding=\"async\" class=\"aligncenter wp-image-2664 size-medium\" src=\"https:\/\/agora.xtec.cat\/escolaprovencana\/wp-content\/uploads\/usu2442\/2023\/01\/formulari-assistencia-300x95.png\" alt=\"\" width=\"300\" height=\"95\" srcset=\"https:\/\/agora.xtec.cat\/escolaprovencana\/wp-content\/uploads\/usu2442\/2023\/01\/formulari-assistencia-300x95.png 300w, https:\/\/agora.xtec.cat\/escolaprovencana\/wp-content\/uploads\/usu2442\/2023\/01\/formulari-assistencia-1024x323.png 1024w, https:\/\/agora.xtec.cat\/escolaprovencana\/wp-content\/uploads\/usu2442\/2023\/01\/formulari-assistencia-768x243.png 768w, https:\/\/agora.xtec.cat\/escolaprovencana\/wp-content\/uploads\/usu2442\/2023\/01\/formulari-assistencia.png 1520w\" sizes=\"auto, (max-width: 300px) 100vw, 300px\" \/><\/a><\/p>\n<p>Us compartim el calendari de les portes obertes de les escoles p\u00fabliques de Santa Eul\u00e0lia.<\/p>\n<p><a href=\"https:\/\/agora.xtec.cat\/escolaprovencana\/wp-content\/uploads\/usu2442\/2023\/01\/1931c9c3-66bf-417e-b0a6-3360896a40a8.jpg\" target=\"_blank\" rel=\"noopener\"><img loading=\"lazy\" decoding=\"async\" class=\"aligncenter wp-image-2586\" src=\"https:\/\/agora.xtec.cat\/escolaprovencana\/wp-content\/uploads\/usu2442\/2023\/01\/1931c9c3-66bf-417e-b0a6-3360896a40a8-300x210.jpg\" alt=\"\" width=\"340\" height=\"237\" srcset=\"https:\/\/agora.xtec.cat\/escolaprovencana\/wp-content\/uploads\/usu2442\/2023\/01\/1931c9c3-66bf-417e-b0a6-3360896a40a8-300x210.jpg 300w, https:\/\/agora.xtec.cat\/escolaprovencana\/wp-content\/uploads\/usu2442\/2023\/01\/1931c9c3-66bf-417e-b0a6-3360896a40a8.jpg 600w\" sizes=\"auto, (max-width: 340px) 100vw, 340px\" \/><\/a><\/p>\n","protected":false},"excerpt":{"rendered":"<p>Les jornades de portes obertes es realitzaran aquest curs de forma PRESENCIAL. La nostra escola realitzar\u00e0 dues sessions:<br \/>\nDIMARTS 21 DE FEBRER\u00a0 A LES 15:15h<br \/>\nDIMECRES 22 DE FEBRER A LES 17:00h<br \/>\nPer assistir a les jornades informatives \u00e9s necessari apuntar-se clicant el seg\u00fcent enlla\u00e7:<br \/>\n<a href=\"https:\/\/forms.gle\/vB3T3gz7tgPmZZDr8\" target=\"_blank\"&hellip;  <a href=\"https:\/\/agora.xtec.cat\/escolaprovencana\/general\/jornada-de-portes-obertes-2023\/\" title=\"Read JORNADA DE PORTES OBERTES 2023\">Llegeix m\u00e9s\u00bb<\/a><\/p>\n","protected":false},"author":1,"featured_media":0,"comment_status":"closed","ping_status":"closed","sticky":false,"template":"","format":"standard","meta":{"_bbp_topic_count":0,"_bbp_reply_count":0,"_bbp_total_topic_count":0,"_bbp_total_reply_count":0,"_bbp_voice_count":0,"_bbp_anonymous_reply_count":0,"_bbp_topic_count_hidden":0,"_bbp_reply_count_hidden":0,"_bbp_forum_subforum_count":0,"footnotes":""},"categories":[1,64,4,108],"tags":[],"class_list":["post-2588","post","type-post","status-publish","format-standard","hentry","category-general","category-inici","category-portada","category-portes-obertes"],"post_mailing_queue_ids":[],"_links":{"self":[{"href":"https:\/\/agora.xtec.cat\/escolaprovencana\/wp-json\/wp\/v2\/posts\/2588","targetHints":{"allow":["GET"]}}],"collection":[{"href":"https:\/\/agora.xtec.cat\/escolaprovencana\/wp-json\/wp\/v2\/posts"}],"about":[{"href":"https:\/\/agora.xtec.cat\/escolaprovencana\/wp-json\/wp\/v2\/types\/post"}],"author":[{"embeddable":true,"href":"https:\/\/agora.xtec.cat\/escolaprovencana\/wp-json\/wp\/v2\/users\/1"}],"replies":[{"embeddable":true,"href":"https:\/\/agora.xtec.cat\/escolaprovencana\/wp-json\/wp\/v2\/comments?post=2588"}],"version-history":[{"count":3,"href":"https:\/\/agora.xtec.cat\/escolaprovencana\/wp-json\/wp\/v2\/posts\/2588\/revisions"}],"predecessor-version":[{"id":2665,"href":"https:\/\/agora.xtec.cat\/escolaprovencana\/wp-json\/wp\/v2\/posts\/2588\/revisions\/2665"}],"wp:attachment":[{"href":"https:\/\/agora.xtec.cat\/escolaprovencana\/wp-json\/wp\/v2\/media?parent=2588"}],"wp:term":[{"taxonomy":"category","embeddable":true,"href":"https:\/\/agora.xtec.cat\/escolaprovencana\/wp-json\/wp\/v2\/categories?post=2588"},{"taxonomy":"post_tag","embeddable":true,"href":"https:\/\/agora.xtec.cat\/escolaprovencana\/wp-json\/wp\/v2\/tags?post=2588"}],"curies":[{"name":"wp","href":"https:\/\/api.w.org\/{rel}","templated":true}]}}