{"id":2549,"date":"2022-12-21T14:27:19","date_gmt":"2022-12-21T13:27:19","guid":{"rendered":"https:\/\/agora.xtec.cat\/escolaprovencana\/?p=2549"},"modified":"2022-12-21T14:27:19","modified_gmt":"2022-12-21T13:27:19","slug":"projecte-de-5e-els-animals","status":"publish","type":"post","link":"https:\/\/agora.xtec.cat\/escolaprovencana\/primaria\/5e-b\/projecte-de-5e-els-animals\/","title":{"rendered":"Projecte de 5\u00e8: &#8220;Els Animals!&#8221;"},"content":{"rendered":"<p>Us mostrem la feina que ha fet la classe de 5\u00e8 a l&#8217;\u00e0rea de medi en relaci\u00f3 al projecte sobre Els Animals.<\/p>\n<p>(clica a sobre la imatge)<\/p>\n<p><a href=\"https:\/\/youtu.be\/HzM1_htcUJs\"><img loading=\"lazy\" decoding=\"async\" class=\"alignnone  wp-image-2550\" src=\"https:\/\/agora.xtec.cat\/escolaprovencana\/wp-content\/uploads\/usu2442\/2022\/12\/animals_projecte.jpg\" alt=\"\" width=\"361\" height=\"257\" \/><\/a><\/p>\n","protected":false},"excerpt":{"rendered":"<p>Us mostrem la feina que ha fet la classe de 5\u00e8 a l&#8217;\u00e0rea de medi en relaci\u00f3 al projecte sobre Els Animals.<br \/>\n(clica a sobre la imatge)<br \/>\n<a href=\"https:\/\/youtu.be\/HzM1_htcUJs\"><\/a><\/p>\n","protected":false},"author":1,"featured_media":2551,"comment_status":"closed","ping_status":"closed","sticky":false,"template":"","format":"standard","meta":{"_bbp_topic_count":0,"_bbp_reply_count":0,"_bbp_total_topic_count":0,"_bbp_total_reply_count":0,"_bbp_voice_count":0,"_bbp_anonymous_reply_count":0,"_bbp_topic_count_hidden":0,"_bbp_reply_count_hidden":0,"_bbp_forum_subforum_count":0,"footnotes":""},"categories":[14],"tags":[],"class_list":["post-2549","post","type-post","status-publish","format-standard","has-post-thumbnail","hentry","category-5e-b"],"post_mailing_queue_ids":[],"_links":{"self":[{"href":"https:\/\/agora.xtec.cat\/escolaprovencana\/wp-json\/wp\/v2\/posts\/2549","targetHints":{"allow":["GET"]}}],"collection":[{"href":"https:\/\/agora.xtec.cat\/escolaprovencana\/wp-json\/wp\/v2\/posts"}],"about":[{"href":"https:\/\/agora.xtec.cat\/escolaprovencana\/wp-json\/wp\/v2\/types\/post"}],"author":[{"embeddable":true,"href":"https:\/\/agora.xtec.cat\/escolaprovencana\/wp-json\/wp\/v2\/users\/1"}],"replies":[{"embeddable":true,"href":"https:\/\/agora.xtec.cat\/escolaprovencana\/wp-json\/wp\/v2\/comments?post=2549"}],"version-history":[{"count":1,"href":"https:\/\/agora.xtec.cat\/escolaprovencana\/wp-json\/wp\/v2\/posts\/2549\/revisions"}],"predecessor-version":[{"id":2552,"href":"https:\/\/agora.xtec.cat\/escolaprovencana\/wp-json\/wp\/v2\/posts\/2549\/revisions\/2552"}],"wp:featuredmedia":[{"embeddable":true,"href":"https:\/\/agora.xtec.cat\/escolaprovencana\/wp-json\/wp\/v2\/media\/2551"}],"wp:attachment":[{"href":"https:\/\/agora.xtec.cat\/escolaprovencana\/wp-json\/wp\/v2\/media?parent=2549"}],"wp:term":[{"taxonomy":"category","embeddable":true,"href":"https:\/\/agora.xtec.cat\/escolaprovencana\/wp-json\/wp\/v2\/categories?post=2549"},{"taxonomy":"post_tag","embeddable":true,"href":"https:\/\/agora.xtec.cat\/escolaprovencana\/wp-json\/wp\/v2\/tags?post=2549"}],"curies":[{"name":"wp","href":"https:\/\/api.w.org\/{rel}","templated":true}]}}