{"id":2521,"date":"2022-12-20T21:47:52","date_gmt":"2022-12-20T20:47:52","guid":{"rendered":"https:\/\/agora.xtec.cat\/escolaprovencana\/?p=2521"},"modified":"2022-12-20T21:50:36","modified_gmt":"2022-12-20T20:50:36","slug":"activitats-classe-del-bosc","status":"publish","type":"post","link":"https:\/\/agora.xtec.cat\/escolaprovencana\/primaria\/2n\/activitats-classe-del-bosc\/","title":{"rendered":"Activitats classe del bosc"},"content":{"rendered":"<p>Bon dia fam\u00edlies!<\/p>\n<div>Finalitzem el trimestre plens de moltes experi\u00e8ncies viscudes, entre elles, dues molt satisfact\u00f2ries.<\/div>\n<div>En primer lloc, el Manel, mestre de la classe de P3 ha vingut a la classe del bosc per fer-nos gaudir d&#8217;un taller de titelles musical.<\/div>\n<div><\/div>\n<div><\/div>\n<div><a href=\"https:\/\/drive.google.com\/file\/d\/1AWAxatFJ9TM-4bpQJNWGamivlrirF9Uw\/view?usp=share_link\">https:\/\/drive.google.com\/file\/d\/1AWAxatFJ9TM-4bpQJNWGamivlrirF9Uw\/view?usp=share_link<\/a><\/div>\n<div><\/div>\n<div><\/div>\n<div>D&#8217;altra banda, hem iniciat un taller de teatre aquest mes de novembre i les darreres sessions compartim la classe amb avis i \u00e0vies que tamb\u00e9 s\u00f3n aficionats\/des.<\/div>\n<div><\/div>\n<div><\/div>\n<div><a href=\"https:\/\/drive.google.com\/file\/d\/1RtmeHe4qdIth0xdW_2PTnFXikbiQI2lA\/view?usp=share_link\">https:\/\/drive.google.com\/file\/d\/1RtmeHe4qdIth0xdW_2PTnFXikbiQI2lA\/view?usp=share_link<\/a><\/div>\n<div><\/div>\n<div><\/div>\n<div>Us desitgem unes bones festes plenes de moments inoblidables amb fam\u00edlia i molta m\u00fasica!<\/div>\n<div><\/div>\n<div>Judit i Naira<\/div>\n<div><img decoding=\"async\" src=\"https:\/\/i.pinimg.com\/originals\/d0\/69\/cb\/d069cbe41517ebf25e51d851fa9cdc74.jpg\" alt=\"28 ideas de Dibuixos Joan Turu | turu, ilustraciones, frases en catalan\" \/><\/div>\n","protected":false},"excerpt":{"rendered":"<p>Bon dia fam\u00edlies!<br \/>\nFinalitzem el trimestre plens de moltes experi\u00e8ncies viscudes, entre elles, dues molt satisfact\u00f2ries.<br \/>\nEn primer lloc, el Manel, mestre de la classe de P3 ha vingut a la classe del bosc per fer-nos gaudir d&#8217;un taller de titelles musical.<\/p>\n<p><a href=\"https:\/\/drive.google.com\/file\/d\/1AWAxatFJ9TM-4bpQJNWGamivlrirF9Uw\/view?usp=share_link\">https:\/\/drive.google.com\/file\/d\/1AWAxatFJ9TM-4bpQJNWGamivlrirF9Uw\/view?usp=share_link<\/a><\/p>\n<p>D&#8217;altra banda, hem iniciat un&hellip;  <a href=\"https:\/\/agora.xtec.cat\/escolaprovencana\/primaria\/2n\/activitats-classe-del-bosc\/\" title=\"Read Activitats classe del bosc\">Llegeix m\u00e9s\u00bb<\/a><\/p>\n","protected":false},"author":11,"featured_media":0,"comment_status":"closed","ping_status":"closed","sticky":false,"template":"","format":"standard","meta":{"_bbp_topic_count":0,"_bbp_reply_count":0,"_bbp_total_topic_count":0,"_bbp_total_reply_count":0,"_bbp_voice_count":0,"_bbp_anonymous_reply_count":0,"_bbp_topic_count_hidden":0,"_bbp_reply_count_hidden":0,"_bbp_forum_subforum_count":0,"footnotes":""},"categories":[11],"tags":[],"class_list":["post-2521","post","type-post","status-publish","format-standard","hentry","category-2n"],"post_mailing_queue_ids":[],"_links":{"self":[{"href":"https:\/\/agora.xtec.cat\/escolaprovencana\/wp-json\/wp\/v2\/posts\/2521","targetHints":{"allow":["GET"]}}],"collection":[{"href":"https:\/\/agora.xtec.cat\/escolaprovencana\/wp-json\/wp\/v2\/posts"}],"about":[{"href":"https:\/\/agora.xtec.cat\/escolaprovencana\/wp-json\/wp\/v2\/types\/post"}],"author":[{"embeddable":true,"href":"https:\/\/agora.xtec.cat\/escolaprovencana\/wp-json\/wp\/v2\/users\/11"}],"replies":[{"embeddable":true,"href":"https:\/\/agora.xtec.cat\/escolaprovencana\/wp-json\/wp\/v2\/comments?post=2521"}],"version-history":[{"count":2,"href":"https:\/\/agora.xtec.cat\/escolaprovencana\/wp-json\/wp\/v2\/posts\/2521\/revisions"}],"predecessor-version":[{"id":2523,"href":"https:\/\/agora.xtec.cat\/escolaprovencana\/wp-json\/wp\/v2\/posts\/2521\/revisions\/2523"}],"wp:attachment":[{"href":"https:\/\/agora.xtec.cat\/escolaprovencana\/wp-json\/wp\/v2\/media?parent=2521"}],"wp:term":[{"taxonomy":"category","embeddable":true,"href":"https:\/\/agora.xtec.cat\/escolaprovencana\/wp-json\/wp\/v2\/categories?post=2521"},{"taxonomy":"post_tag","embeddable":true,"href":"https:\/\/agora.xtec.cat\/escolaprovencana\/wp-json\/wp\/v2\/tags?post=2521"}],"curies":[{"name":"wp","href":"https:\/\/api.w.org\/{rel}","templated":true}]}}