{"id":2510,"date":"2022-12-20T13:30:36","date_gmt":"2022-12-20T12:30:36","guid":{"rendered":"https:\/\/agora.xtec.cat\/escolaprovencana\/?p=2510"},"modified":"2022-12-20T15:18:11","modified_gmt":"2022-12-20T14:18:11","slug":"concert-deducacio-infantil","status":"publish","type":"post","link":"https:\/\/agora.xtec.cat\/escolaprovencana\/infantil\/concert-deducacio-infantil\/","title":{"rendered":"Concert d&#8217;Educaci\u00f3 Infantil"},"content":{"rendered":"<p>Divendres passat vam celebrar el Concert dels nens i nenes d&#8217;Educaci\u00f3 Infantil. Va ser un \u00e8xit i agra\u00efm molt la vostra assist\u00e8ncia.<br \/>\nUs deixem els v\u00eddeos del concert per si voleu tornar a gaudir d&#8217;ells.<\/p>\n<p>BONES FESTES!<\/p>\n<p><iframe loading=\"lazy\" title=\"Concert P3\" width=\"500\" height=\"281\" src=\"https:\/\/www.youtube.com\/embed\/qJqjmaW4wT8?feature=oembed\" frameborder=\"0\" allow=\"accelerometer; autoplay; clipboard-write; encrypted-media; gyroscope; picture-in-picture; web-share\" referrerpolicy=\"strict-origin-when-cross-origin\" allowfullscreen><\/iframe><\/p>\n<p><iframe loading=\"lazy\" title=\"Concert P4\" width=\"500\" height=\"281\" src=\"https:\/\/www.youtube.com\/embed\/nr02EH83DxU?feature=oembed\" frameborder=\"0\" allow=\"accelerometer; autoplay; clipboard-write; encrypted-media; gyroscope; picture-in-picture; web-share\" referrerpolicy=\"strict-origin-when-cross-origin\" allowfullscreen><\/iframe><\/p>\n<p><iframe loading=\"lazy\" title=\"Concert P5\" width=\"500\" height=\"281\" src=\"https:\/\/www.youtube.com\/embed\/6IxLYI9IcwM?feature=oembed\" frameborder=\"0\" allow=\"accelerometer; autoplay; clipboard-write; encrypted-media; gyroscope; picture-in-picture; web-share\" referrerpolicy=\"strict-origin-when-cross-origin\" allowfullscreen><\/iframe><\/p>\n","protected":false},"excerpt":{"rendered":"<p>Divendres passat vam celebrar el Concert dels nens i nenes d&#8217;Educaci\u00f3 Infantil. Va ser un \u00e8xit i agra\u00efm molt la vostra assist\u00e8ncia.<br \/>\nUs deixem els v\u00eddeos del concert per si voleu tornar a gaudir d&#8217;ells.<br \/>\nBONES FESTES!<\/p>\n","protected":false},"author":16,"featured_media":2516,"comment_status":"closed","ping_status":"closed","sticky":false,"template":"","format":"standard","meta":{"_bbp_topic_count":0,"_bbp_reply_count":0,"_bbp_total_topic_count":0,"_bbp_total_reply_count":0,"_bbp_voice_count":0,"_bbp_anonymous_reply_count":0,"_bbp_topic_count_hidden":0,"_bbp_reply_count_hidden":0,"_bbp_forum_subforum_count":0,"footnotes":""},"categories":[3,8,9,2],"tags":[],"class_list":["post-2510","post","type-post","status-publish","format-standard","has-post-thumbnail","hentry","category-i3","category-i4","category-i5","category-infantil"],"post_mailing_queue_ids":[],"_links":{"self":[{"href":"https:\/\/agora.xtec.cat\/escolaprovencana\/wp-json\/wp\/v2\/posts\/2510","targetHints":{"allow":["GET"]}}],"collection":[{"href":"https:\/\/agora.xtec.cat\/escolaprovencana\/wp-json\/wp\/v2\/posts"}],"about":[{"href":"https:\/\/agora.xtec.cat\/escolaprovencana\/wp-json\/wp\/v2\/types\/post"}],"author":[{"embeddable":true,"href":"https:\/\/agora.xtec.cat\/escolaprovencana\/wp-json\/wp\/v2\/users\/16"}],"replies":[{"embeddable":true,"href":"https:\/\/agora.xtec.cat\/escolaprovencana\/wp-json\/wp\/v2\/comments?post=2510"}],"version-history":[{"count":2,"href":"https:\/\/agora.xtec.cat\/escolaprovencana\/wp-json\/wp\/v2\/posts\/2510\/revisions"}],"predecessor-version":[{"id":2518,"href":"https:\/\/agora.xtec.cat\/escolaprovencana\/wp-json\/wp\/v2\/posts\/2510\/revisions\/2518"}],"wp:featuredmedia":[{"embeddable":true,"href":"https:\/\/agora.xtec.cat\/escolaprovencana\/wp-json\/wp\/v2\/media\/2516"}],"wp:attachment":[{"href":"https:\/\/agora.xtec.cat\/escolaprovencana\/wp-json\/wp\/v2\/media?parent=2510"}],"wp:term":[{"taxonomy":"category","embeddable":true,"href":"https:\/\/agora.xtec.cat\/escolaprovencana\/wp-json\/wp\/v2\/categories?post=2510"},{"taxonomy":"post_tag","embeddable":true,"href":"https:\/\/agora.xtec.cat\/escolaprovencana\/wp-json\/wp\/v2\/tags?post=2510"}],"curies":[{"name":"wp","href":"https:\/\/api.w.org\/{rel}","templated":true}]}}