{"id":2503,"date":"2022-12-19T13:32:07","date_gmt":"2022-12-19T12:32:07","guid":{"rendered":"https:\/\/agora.xtec.cat\/escolaprovencana\/?p=2503"},"modified":"2022-12-19T13:32:07","modified_gmt":"2022-12-19T12:32:07","slug":"padrins-i-fillols","status":"publish","type":"post","link":"https:\/\/agora.xtec.cat\/escolaprovencana\/primaria\/1r\/padrins-i-fillols\/","title":{"rendered":"Padrins i Fillols"},"content":{"rendered":"<p>Bona tarda,<\/p>\n<p>Com b\u00e9 sabeu, aquest any l&#8217;alumnat de sis\u00e8 i l&#8217;alumnat de primer, participen en l&#8217;activitat de &#8220;Padrins i Fillols&#8221;, on cada alumne\/a de sis\u00e8 apadrina a un alumne\/a de primer per ajudar-los a llegir i aix\u00ed acompanyar-los en el fant\u00e0stic m\u00f3n de la lectura.<\/p>\n<p>Aquest passat divendres, van gaudir d&#8217;un bon comiat fins al segon trimestre, per a gaudir d&#8217;unes bones festes.<\/p>\n<p>Aqu\u00ed aportem una foto que demostra la bona relaci\u00f3 que hi ha entre tots i totes i l&#8217;estima que es tenen.<\/p>\n<p>Albert i Mikel<\/p>\n<p><a href=\"https:\/\/agora.xtec.cat\/escolaprovencana\/wp-content\/uploads\/usu2442\/2022\/12\/us-desitgem-1.png\"><img loading=\"lazy\" decoding=\"async\" class=\"alignnone size-large wp-image-2504\" src=\"https:\/\/agora.xtec.cat\/escolaprovencana\/wp-content\/uploads\/usu2442\/2022\/12\/us-desitgem-1-1024x726.png\" alt=\"\" width=\"1024\" height=\"726\" srcset=\"https:\/\/agora.xtec.cat\/escolaprovencana\/wp-content\/uploads\/usu2442\/2022\/12\/us-desitgem-1-1024x726.png 1024w, https:\/\/agora.xtec.cat\/escolaprovencana\/wp-content\/uploads\/usu2442\/2022\/12\/us-desitgem-1-300x213.png 300w, https:\/\/agora.xtec.cat\/escolaprovencana\/wp-content\/uploads\/usu2442\/2022\/12\/us-desitgem-1-768x545.png 768w, https:\/\/agora.xtec.cat\/escolaprovencana\/wp-content\/uploads\/usu2442\/2022\/12\/us-desitgem-1-1536x1090.png 1536w, https:\/\/agora.xtec.cat\/escolaprovencana\/wp-content\/uploads\/usu2442\/2022\/12\/us-desitgem-1.png 1748w\" sizes=\"auto, (max-width: 1024px) 100vw, 1024px\" \/><\/a><\/p>\n","protected":false},"excerpt":{"rendered":"<p>Bona tarda,<br \/>\nCom b\u00e9 sabeu, aquest any l&#8217;alumnat de sis\u00e8 i l&#8217;alumnat de primer, participen en l&#8217;activitat de &#8220;Padrins i Fillols&#8221;, on cada alumne\/a de sis\u00e8 apadrina a un alumne\/a de primer per ajudar-los a llegir i aix\u00ed acompanyar-los en el fant\u00e0stic m\u00f3n de la lectura.<br \/>\nAquest&hellip;  <a href=\"https:\/\/agora.xtec.cat\/escolaprovencana\/primaria\/1r\/padrins-i-fillols\/\" title=\"Read Padrins i Fillols\">Llegeix m\u00e9s\u00bb<\/a><\/p>\n","protected":false},"author":1,"featured_media":0,"comment_status":"closed","ping_status":"closed","sticky":false,"template":"","format":"standard","meta":{"_bbp_topic_count":0,"_bbp_reply_count":0,"_bbp_total_topic_count":0,"_bbp_total_reply_count":0,"_bbp_voice_count":0,"_bbp_anonymous_reply_count":0,"_bbp_topic_count_hidden":0,"_bbp_reply_count_hidden":0,"_bbp_forum_subforum_count":0,"footnotes":""},"categories":[10,15],"tags":[],"class_list":["post-2503","post","type-post","status-publish","format-standard","hentry","category-1r","category-6e"],"post_mailing_queue_ids":[],"_links":{"self":[{"href":"https:\/\/agora.xtec.cat\/escolaprovencana\/wp-json\/wp\/v2\/posts\/2503","targetHints":{"allow":["GET"]}}],"collection":[{"href":"https:\/\/agora.xtec.cat\/escolaprovencana\/wp-json\/wp\/v2\/posts"}],"about":[{"href":"https:\/\/agora.xtec.cat\/escolaprovencana\/wp-json\/wp\/v2\/types\/post"}],"author":[{"embeddable":true,"href":"https:\/\/agora.xtec.cat\/escolaprovencana\/wp-json\/wp\/v2\/users\/1"}],"replies":[{"embeddable":true,"href":"https:\/\/agora.xtec.cat\/escolaprovencana\/wp-json\/wp\/v2\/comments?post=2503"}],"version-history":[{"count":1,"href":"https:\/\/agora.xtec.cat\/escolaprovencana\/wp-json\/wp\/v2\/posts\/2503\/revisions"}],"predecessor-version":[{"id":2505,"href":"https:\/\/agora.xtec.cat\/escolaprovencana\/wp-json\/wp\/v2\/posts\/2503\/revisions\/2505"}],"wp:attachment":[{"href":"https:\/\/agora.xtec.cat\/escolaprovencana\/wp-json\/wp\/v2\/media?parent=2503"}],"wp:term":[{"taxonomy":"category","embeddable":true,"href":"https:\/\/agora.xtec.cat\/escolaprovencana\/wp-json\/wp\/v2\/categories?post=2503"},{"taxonomy":"post_tag","embeddable":true,"href":"https:\/\/agora.xtec.cat\/escolaprovencana\/wp-json\/wp\/v2\/tags?post=2503"}],"curies":[{"name":"wp","href":"https:\/\/api.w.org\/{rel}","templated":true}]}}