{"id":2497,"date":"2022-12-15T11:59:52","date_gmt":"2022-12-15T10:59:52","guid":{"rendered":"https:\/\/agora.xtec.cat\/escolaprovencana\/?p=2497"},"modified":"2023-02-28T10:03:29","modified_gmt":"2023-02-28T09:03:29","slug":"bon-nadal-a-tothom","status":"publish","type":"post","link":"https:\/\/agora.xtec.cat\/escolaprovencana\/primaria\/6e\/bon-nadal-a-tothom\/","title":{"rendered":"Bon Nadal a tothom"},"content":{"rendered":"<p>Des de 6\u00e8 us volem desitjar un bon Nadal i un feli\u00e7 any nou. I quina millor manera per arrencar un bon somriure que amb la nostra \u00faltima creaci\u00f3.\u00a0 El nostre particular Pare Noel!<\/p>\n<p>Gr\u00e0cies Manel, per inspirar-nos a fer aquesta manualitat. Ens ho hem passat genial.<\/p>\n<p><a href=\"https:\/\/agora.xtec.cat\/escolaprovencana\/wp-content\/uploads\/usu2442\/2022\/12\/Mountain-Vibe-Photo-Collages-Instagram-Post.jpg\"><img loading=\"lazy\" decoding=\"async\" class=\"alignnone size-large wp-image-2498\" src=\"https:\/\/agora.xtec.cat\/escolaprovencana\/wp-content\/uploads\/usu2442\/2022\/12\/Mountain-Vibe-Photo-Collages-Instagram-Post-1024x1024.jpg\" alt=\"\" width=\"1024\" height=\"1024\" srcset=\"https:\/\/agora.xtec.cat\/escolaprovencana\/wp-content\/uploads\/usu2442\/2022\/12\/Mountain-Vibe-Photo-Collages-Instagram-Post-1024x1024.jpg 1024w, https:\/\/agora.xtec.cat\/escolaprovencana\/wp-content\/uploads\/usu2442\/2022\/12\/Mountain-Vibe-Photo-Collages-Instagram-Post-300x300.jpg 300w, https:\/\/agora.xtec.cat\/escolaprovencana\/wp-content\/uploads\/usu2442\/2022\/12\/Mountain-Vibe-Photo-Collages-Instagram-Post-150x150.jpg 150w, https:\/\/agora.xtec.cat\/escolaprovencana\/wp-content\/uploads\/usu2442\/2022\/12\/Mountain-Vibe-Photo-Collages-Instagram-Post-768x768.jpg 768w, https:\/\/agora.xtec.cat\/escolaprovencana\/wp-content\/uploads\/usu2442\/2022\/12\/Mountain-Vibe-Photo-Collages-Instagram-Post.jpg 1080w\" sizes=\"auto, (max-width: 1024px) 100vw, 1024px\" \/><\/a><\/p>\n","protected":false},"excerpt":{"rendered":"<p>Des de 6\u00e8 us volem desitjar un bon Nadal i un feli\u00e7 any nou. I quina millor manera per arrencar un bon somriure que amb la nostra \u00faltima creaci\u00f3.\u00a0 El nostre particular Pare Noel!<br \/>\nGr\u00e0cies Manel, per inspirar-nos a fer aquesta manualitat. Ens ho hem passat&hellip;  <a href=\"https:\/\/agora.xtec.cat\/escolaprovencana\/primaria\/6e\/bon-nadal-a-tothom\/\" title=\"Read Bon Nadal a tothom\">Llegeix m\u00e9s\u00bb<\/a><\/p>\n","protected":false},"author":10,"featured_media":0,"comment_status":"closed","ping_status":"closed","sticky":false,"template":"","format":"standard","meta":{"_bbp_topic_count":0,"_bbp_reply_count":0,"_bbp_total_topic_count":0,"_bbp_total_reply_count":0,"_bbp_voice_count":0,"_bbp_anonymous_reply_count":0,"_bbp_topic_count_hidden":0,"_bbp_reply_count_hidden":0,"_bbp_forum_subforum_count":0,"footnotes":""},"categories":[15],"tags":[],"class_list":["post-2497","post","type-post","status-publish","format-standard","hentry","category-6e"],"post_mailing_queue_ids":[],"_links":{"self":[{"href":"https:\/\/agora.xtec.cat\/escolaprovencana\/wp-json\/wp\/v2\/posts\/2497","targetHints":{"allow":["GET"]}}],"collection":[{"href":"https:\/\/agora.xtec.cat\/escolaprovencana\/wp-json\/wp\/v2\/posts"}],"about":[{"href":"https:\/\/agora.xtec.cat\/escolaprovencana\/wp-json\/wp\/v2\/types\/post"}],"author":[{"embeddable":true,"href":"https:\/\/agora.xtec.cat\/escolaprovencana\/wp-json\/wp\/v2\/users\/10"}],"replies":[{"embeddable":true,"href":"https:\/\/agora.xtec.cat\/escolaprovencana\/wp-json\/wp\/v2\/comments?post=2497"}],"version-history":[{"count":1,"href":"https:\/\/agora.xtec.cat\/escolaprovencana\/wp-json\/wp\/v2\/posts\/2497\/revisions"}],"predecessor-version":[{"id":2499,"href":"https:\/\/agora.xtec.cat\/escolaprovencana\/wp-json\/wp\/v2\/posts\/2497\/revisions\/2499"}],"wp:attachment":[{"href":"https:\/\/agora.xtec.cat\/escolaprovencana\/wp-json\/wp\/v2\/media?parent=2497"}],"wp:term":[{"taxonomy":"category","embeddable":true,"href":"https:\/\/agora.xtec.cat\/escolaprovencana\/wp-json\/wp\/v2\/categories?post=2497"},{"taxonomy":"post_tag","embeddable":true,"href":"https:\/\/agora.xtec.cat\/escolaprovencana\/wp-json\/wp\/v2\/tags?post=2497"}],"curies":[{"name":"wp","href":"https:\/\/api.w.org\/{rel}","templated":true}]}}