{"id":2487,"date":"2022-12-15T10:02:10","date_gmt":"2022-12-15T09:02:10","guid":{"rendered":"https:\/\/agora.xtec.cat\/escolaprovencana\/?p=2487"},"modified":"2022-12-15T10:03:40","modified_gmt":"2022-12-15T09:03:40","slug":"participacio-del-grup-de-3r-a-la-tv-de-lhospitalet","status":"publish","type":"post","link":"https:\/\/agora.xtec.cat\/escolaprovencana\/general\/participacio-del-grup-de-3r-a-la-tv-de-lhospitalet\/","title":{"rendered":"REPRESENTACI\u00d3 DE 3r AL PROGRAMA AULA L&#8217;H"},"content":{"rendered":"<p>Us deixem l&#8217;enlla\u00e7 del programa Aula L&#8217;H de dimecres 14 de desembre. Una representaci\u00f3 d&#8217;infants de 3r de la nostra escola han participat en la secci\u00f3 &#8220;A mi m&#8217;agrada&#8221; (minut 48:12).<\/p>\n<p>&nbsp;<\/p>\n<p style=\"text-align: center;\"><a href=\"https:\/\/lhdigital.cat\/web\/digital-h\/televisio\/veure-video\/-\/journal_content\/56_INSTANCE_ZrP3\/11023\/15121882\">AULA L&#8217;H<\/a><\/p>\n","protected":false},"excerpt":{"rendered":"<p>Us deixem l&#8217;enlla\u00e7 del programa Aula L&#8217;H de dimecres 14 de desembre. Una representaci\u00f3 d&#8217;infants de 3r de la nostra escola han participat en la secci\u00f3 &#8220;A mi m&#8217;agrada&#8221; (minut 48:12).<br \/>\n&nbsp;<br \/>\n<a href=\"https:\/\/lhdigital.cat\/web\/digital-h\/televisio\/veure-video\/-\/journal_content\/56_INSTANCE_ZrP3\/11023\/15121882\">AULA L&#8217;H<\/a><\/p>\n","protected":false},"author":1,"featured_media":0,"comment_status":"closed","ping_status":"closed","sticky":false,"template":"","format":"standard","meta":{"_bbp_topic_count":0,"_bbp_reply_count":0,"_bbp_total_topic_count":0,"_bbp_total_reply_count":0,"_bbp_voice_count":0,"_bbp_anonymous_reply_count":0,"_bbp_topic_count_hidden":0,"_bbp_reply_count_hidden":0,"_bbp_forum_subforum_count":0,"footnotes":""},"categories":[12,1,64,4],"tags":[],"class_list":["post-2487","post","type-post","status-publish","format-standard","hentry","category-3r","category-general","category-inici","category-portada"],"post_mailing_queue_ids":[],"_links":{"self":[{"href":"https:\/\/agora.xtec.cat\/escolaprovencana\/wp-json\/wp\/v2\/posts\/2487","targetHints":{"allow":["GET"]}}],"collection":[{"href":"https:\/\/agora.xtec.cat\/escolaprovencana\/wp-json\/wp\/v2\/posts"}],"about":[{"href":"https:\/\/agora.xtec.cat\/escolaprovencana\/wp-json\/wp\/v2\/types\/post"}],"author":[{"embeddable":true,"href":"https:\/\/agora.xtec.cat\/escolaprovencana\/wp-json\/wp\/v2\/users\/1"}],"replies":[{"embeddable":true,"href":"https:\/\/agora.xtec.cat\/escolaprovencana\/wp-json\/wp\/v2\/comments?post=2487"}],"version-history":[{"count":3,"href":"https:\/\/agora.xtec.cat\/escolaprovencana\/wp-json\/wp\/v2\/posts\/2487\/revisions"}],"predecessor-version":[{"id":2491,"href":"https:\/\/agora.xtec.cat\/escolaprovencana\/wp-json\/wp\/v2\/posts\/2487\/revisions\/2491"}],"wp:attachment":[{"href":"https:\/\/agora.xtec.cat\/escolaprovencana\/wp-json\/wp\/v2\/media?parent=2487"}],"wp:term":[{"taxonomy":"category","embeddable":true,"href":"https:\/\/agora.xtec.cat\/escolaprovencana\/wp-json\/wp\/v2\/categories?post=2487"},{"taxonomy":"post_tag","embeddable":true,"href":"https:\/\/agora.xtec.cat\/escolaprovencana\/wp-json\/wp\/v2\/tags?post=2487"}],"curies":[{"name":"wp","href":"https:\/\/api.w.org\/{rel}","templated":true}]}}