{"id":2477,"date":"2022-12-14T13:18:10","date_gmt":"2022-12-14T12:18:10","guid":{"rendered":"https:\/\/agora.xtec.cat\/escolaprovencana\/?p=2477"},"modified":"2022-12-14T13:47:50","modified_gmt":"2022-12-14T12:47:50","slug":"sortida-al-museu-dhistoria-de-catalunya","status":"publish","type":"post","link":"https:\/\/agora.xtec.cat\/escolaprovencana\/primaria\/6e\/sortida-al-museu-dhistoria-de-catalunya\/","title":{"rendered":"Sortida al museu d&#8217;Hist\u00f2ria de Catalunya"},"content":{"rendered":"<p>La classe de 6\u00e8 hem visitat el Museu d&#8217;Hist\u00f2ria de Catalunya, situat al costat del barri de la Barceloneta. Hem fet un viatge per l&#8217;historia pol\u00edtica del nostre pa\u00eds, des de la 2 segona rep\u00fablica, la guerra civil i la restauraci\u00f3 de la democr\u00e0cia. Per finalitzar hem realitzat un petit taller on ens hem convertit en pol\u00edtics. Hem hagut d&#8217;elaborar una petita campanya electoral per ser la candidatura escollida.<\/p>\n<p>Ha estat genial i a la vegada molt interessant.<\/p>\n<p>Despr\u00e9s hem pogut gaudir d&#8217;una estona d&#8217;oci a la platja, on hem dinat i hem pogut jugar una estona.<a href=\"https:\/\/agora.xtec.cat\/escolaprovencana\/wp-content\/uploads\/usu2442\/2022\/12\/Museu-dHistoria-de-Catalunya.jpg\"><img loading=\"lazy\" decoding=\"async\" class=\"alignnone size-large wp-image-2478\" src=\"https:\/\/agora.xtec.cat\/escolaprovencana\/wp-content\/uploads\/usu2442\/2022\/12\/Museu-dHistoria-de-Catalunya-724x1024.jpg\" alt=\"\" width=\"724\" height=\"1024\" srcset=\"https:\/\/agora.xtec.cat\/escolaprovencana\/wp-content\/uploads\/usu2442\/2022\/12\/Museu-dHistoria-de-Catalunya-724x1024.jpg 724w, https:\/\/agora.xtec.cat\/escolaprovencana\/wp-content\/uploads\/usu2442\/2022\/12\/Museu-dHistoria-de-Catalunya-212x300.jpg 212w, https:\/\/agora.xtec.cat\/escolaprovencana\/wp-content\/uploads\/usu2442\/2022\/12\/Museu-dHistoria-de-Catalunya-768x1086.jpg 768w, https:\/\/agora.xtec.cat\/escolaprovencana\/wp-content\/uploads\/usu2442\/2022\/12\/Museu-dHistoria-de-Catalunya-1086x1536.jpg 1086w, https:\/\/agora.xtec.cat\/escolaprovencana\/wp-content\/uploads\/usu2442\/2022\/12\/Museu-dHistoria-de-Catalunya-1448x2048.jpg 1448w, https:\/\/agora.xtec.cat\/escolaprovencana\/wp-content\/uploads\/usu2442\/2022\/12\/Museu-dHistoria-de-Catalunya.jpg 1587w\" sizes=\"auto, (max-width: 724px) 100vw, 724px\" \/><\/a><\/p>\n","protected":false},"excerpt":{"rendered":"<p>La classe de 6\u00e8 hem visitat el Museu d&#8217;Hist\u00f2ria de Catalunya, situat al costat del barri de la Barceloneta. Hem fet un viatge per l&#8217;historia pol\u00edtica del nostre pa\u00eds, des de la 2 segona rep\u00fablica, la guerra civil i la restauraci\u00f3 de la democr\u00e0cia. Per&hellip;  <a href=\"https:\/\/agora.xtec.cat\/escolaprovencana\/primaria\/6e\/sortida-al-museu-dhistoria-de-catalunya\/\" title=\"Read Sortida al museu d&#8217;Hist\u00f2ria de Catalunya\">Llegeix m\u00e9s\u00bb<\/a><\/p>\n","protected":false},"author":10,"featured_media":0,"comment_status":"closed","ping_status":"closed","sticky":false,"template":"","format":"standard","meta":{"_bbp_topic_count":0,"_bbp_reply_count":0,"_bbp_total_topic_count":0,"_bbp_total_reply_count":0,"_bbp_voice_count":0,"_bbp_anonymous_reply_count":0,"_bbp_topic_count_hidden":0,"_bbp_reply_count_hidden":0,"_bbp_forum_subforum_count":0,"footnotes":""},"categories":[15],"tags":[],"class_list":["post-2477","post","type-post","status-publish","format-standard","hentry","category-6e"],"post_mailing_queue_ids":[],"_links":{"self":[{"href":"https:\/\/agora.xtec.cat\/escolaprovencana\/wp-json\/wp\/v2\/posts\/2477","targetHints":{"allow":["GET"]}}],"collection":[{"href":"https:\/\/agora.xtec.cat\/escolaprovencana\/wp-json\/wp\/v2\/posts"}],"about":[{"href":"https:\/\/agora.xtec.cat\/escolaprovencana\/wp-json\/wp\/v2\/types\/post"}],"author":[{"embeddable":true,"href":"https:\/\/agora.xtec.cat\/escolaprovencana\/wp-json\/wp\/v2\/users\/10"}],"replies":[{"embeddable":true,"href":"https:\/\/agora.xtec.cat\/escolaprovencana\/wp-json\/wp\/v2\/comments?post=2477"}],"version-history":[{"count":1,"href":"https:\/\/agora.xtec.cat\/escolaprovencana\/wp-json\/wp\/v2\/posts\/2477\/revisions"}],"predecessor-version":[{"id":2479,"href":"https:\/\/agora.xtec.cat\/escolaprovencana\/wp-json\/wp\/v2\/posts\/2477\/revisions\/2479"}],"wp:attachment":[{"href":"https:\/\/agora.xtec.cat\/escolaprovencana\/wp-json\/wp\/v2\/media?parent=2477"}],"wp:term":[{"taxonomy":"category","embeddable":true,"href":"https:\/\/agora.xtec.cat\/escolaprovencana\/wp-json\/wp\/v2\/categories?post=2477"},{"taxonomy":"post_tag","embeddable":true,"href":"https:\/\/agora.xtec.cat\/escolaprovencana\/wp-json\/wp\/v2\/tags?post=2477"}],"curies":[{"name":"wp","href":"https:\/\/api.w.org\/{rel}","templated":true}]}}